{"id":1357,"date":"2017-10-17T12:04:29","date_gmt":"2017-10-17T10:04:29","guid":{"rendered":"http:\/\/cepronda.com\/blog\/?p=1357"},"modified":"2017-10-17T12:04:30","modified_gmt":"2017-10-17T10:04:30","slug":"resolucion-de-6-de-octubre-sobre-la-fase-de-practicas-de-funcionariado","status":"publish","type":"post","link":"https:\/\/cepronda.com\/blog\/resolucion-de-6-de-octubre-sobre-la-fase-de-practicas-de-funcionariado\/","title":{"rendered":"Resoluci\u00f3n de 6 de octubre sobre la fase de pr\u00e1cticas de funcionariado"},"content":{"rendered":"<p>\u00a1Hola!<\/p>\n<p>Sabemos que muchas y muchos de vosotros est\u00e1bais esperando esta resoluci\u00f3n&nbsp;por la que se regula la organizaci\u00f3n de la fase de pr\u00e1cticas del personal seleccionado en el procedimiento selectivo para el<br \/>\ningreso en el Cuerpo de Maestros.&nbsp;<\/p>\n<p>Si hac\u00e9is clic en<a href=\"http:\/\/www.juntadeandalucia.es\/boja\/2017\/199\/BOJA17-199-00006-17590-01_00122689.pdf\" target=\"_blank\" rel=\"noopener\"> este <strong>enlace<\/strong><\/a> tendr\u00e9is acceso a toda la informaci\u00f3n y resolver todas aquellas dudas que ten\u00e9is. Un saludo y \u00a1nos vemos!<\/p>\n<p><a href=\"http:\/\/www.juntadeandalucia.es\/boja\/2017\/199\/BOJA17-199-00006-17590-01_00122689.pdf\" target=\"_blank\" rel=\"noopener\"><img data-recalc-dims=\"1\" loading=\"lazy\" decoding=\"async\" class=\"aligncenter wp-image-1358 size-medium\" src=\"https:\/\/i0.wp.com\/cepronda.com\/blog\/wp-content\/uploads\/2017\/10\/boja-300x128.jpg?resize=300%2C128\" alt=\"\" width=\"300\" height=\"128\" srcset=\"https:\/\/i0.wp.com\/cepronda.com\/blog\/wp-content\/uploads\/2017\/10\/boja.jpg?resize=300%2C128&amp;ssl=1 300w, https:\/\/i0.wp.com\/cepronda.com\/blog\/wp-content\/uploads\/2017\/10\/boja.jpg?resize=768%2C327&amp;ssl=1 768w, https:\/\/i0.wp.com\/cepronda.com\/blog\/wp-content\/uploads\/2017\/10\/boja.jpg?w=940&amp;ssl=1 940w\" sizes=\"auto, (max-width: 300px) 100vw, 300px\" \/><\/a><\/p>\n","protected":false},"excerpt":{"rendered":"<p>\u00a1Hola! Sabemos que muchas y muchos de vosotros est\u00e1bais esperando esta resoluci\u00f3n&nbsp;por la que se regula la organizaci\u00f3n de la fase de pr\u00e1cticas del personal seleccionado en el procedimiento selectivo para el ingreso en el Cuerpo de Maestros.&nbsp; Si hac\u00e9is clic en este enlace tendr\u00e9is acceso a toda la informaci\u00f3n y resolver todas aquellas dudas [&hellip;]<\/p>\n","protected":false},"author":3,"featured_media":1358,"comment_status":"open","ping_status":"open","sticky":false,"template":"","format":"standard","meta":{"_crdt_document":"","advanced_seo_description":"","jetpack_seo_html_title":"","jetpack_seo_noindex":false,"jetpack_post_was_ever_published":false,"_jetpack_newsletter_access":"","_jetpack_dont_email_post_to_subs":false,"_jetpack_newsletter_tier_id":0,"_jetpack_memberships_contains_paywalled_content":false,"_jetpack_memberships_contains_paid_content":false,"footnotes":"","jetpack_publicize_message":"Resoluci\u00f3n de 6 de octubre sobre la fase de pr\u00e1cticas de funcionariado","jetpack_publicize_feature_enabled":true,"jetpack_social_post_already_shared":true,"jetpack_social_options":{"image_generator_settings":{"template":"highway","default_image_id":0,"font":"","enabled":false},"version":2}},"categories":[5],"tags":[92],"class_list":{"0":"post-1357","1":"post","2":"type-post","3":"status-publish","4":"format-standard","5":"has-post-thumbnail","7":"category-noticias","8":"tag-practicas","9":"czr-hentry"},"jetpack_publicize_connections":[],"jetpack_featured_media_url":"https:\/\/i0.wp.com\/cepronda.com\/blog\/wp-content\/uploads\/2017\/10\/boja.jpg?fit=940%2C400&ssl=1","jetpack_shortlink":"https:\/\/wp.me\/p8M4X7-lT","jetpack-related-posts":[{"id":1414,"url":"https:\/\/cepronda.com\/blog\/fase-presencial-obligatoria-del-funcionariado-en-practicas\/","url_meta":{"origin":1357,"position":0},"title":"Fase presencial obligatoria del Funcionariado en Pr\u00e1cticas","author":"V\u00edctor Caballero","date":"10 noviembre, 2017","format":false,"excerpt":"\u00a1Muy buenas! Ya est\u00e1 abierto el plazo de inscripci\u00f3n para el curso\u00a0curso se realiza para dar cumplimiento a la formaci\u00f3n presencial (10 horas) establecida en la Resoluci\u00f3n de Resoluci\u00f3n del 6 de octubre de 2017, por la que se regula la fase de pr\u00e1cticas del personal seleccionado en el procedimiento\u2026","rel":"","context":"En \u00abFormaciones\u00bb","block_context":{"text":"Formaciones","link":"https:\/\/cepronda.com\/blog\/category\/formaciones\/"},"img":{"alt_text":"","src":"https:\/\/i0.wp.com\/cepronda.com\/blog\/wp-content\/uploads\/2017\/11\/back-to-school-2629361_640.jpg?fit=640%2C426&ssl=1&resize=350%2C200","width":350,"height":200,"srcset":"https:\/\/i0.wp.com\/cepronda.com\/blog\/wp-content\/uploads\/2017\/11\/back-to-school-2629361_640.jpg?fit=640%2C426&ssl=1&resize=350%2C200 1x, https:\/\/i0.wp.com\/cepronda.com\/blog\/wp-content\/uploads\/2017\/11\/back-to-school-2629361_640.jpg?fit=640%2C426&ssl=1&resize=525%2C300 1.5x"},"classes":[]},{"id":8800,"url":"https:\/\/cepronda.com\/blog\/x-congreso-internacional-de-buenas-practicas-con-tic\/","url_meta":{"origin":1357,"position":1},"title":"X CONGRESO INTERNACIONAL DE BUENAS PR\u00c1CTICAS CON TIC","author":"Mamen Moreno","date":"18 septiembre, 2025","format":false,"excerpt":"Abierto el plazo de inscripci\u00f3n para el congreso \"X CONGRESO INTERNACIONAL DE BUENAS PR\u00c1CTICAS CON TIC\" \u27a1\ufe0f Dirigido a: Internivelar \u270f\ufe0f Inscripci\u00f3n: desde 17\/09\/2025 a 08\/10\/2025 Actividad: 22\/10\/2025 y 23\/10\/2025 \u231bDuraci\u00f3n: 8 horas Lugar: Sede UNIA Puerto de M\u00e1laga (de 16:30 a 20:30 horas) M\u00e1s informaci\u00f3n en: https:\/\/www.juntadeandalucia.es\/educacion\/secretariavirtual\/consultaCEP\/actividad\/262922GE056\/","rel":"","context":"En \u00abFormaciones\u00bb","block_context":{"text":"Formaciones","link":"https:\/\/cepronda.com\/blog\/category\/formaciones\/"},"img":{"alt_text":"","src":"https:\/\/i0.wp.com\/cepronda.com\/blog\/wp-content\/uploads\/2025\/09\/WhatsApp-Image-2025-09-17-at-22.19.47-215x300.jpeg?resize=350%2C200&ssl=1","width":350,"height":200},"classes":[]},{"id":2386,"url":"https:\/\/cepronda.com\/blog\/premios-flamenco-en-el-aula\/","url_meta":{"origin":1357,"position":2},"title":"Premios Flamenco en el aula","author":"V\u00edctor Caballero","date":"18 octubre, 2018","format":false,"excerpt":"Buenos d\u00edas lluviosos,\u00a0 Compartimos con todos aquellos centros que est\u00e9is interesados la Resoluci\u00f3n por la que se convocan los Premios Flamenco en el aula, enfocado tanto a la elaboraci\u00f3n de materiales curriculares y recursos did\u00e1cticos, como al reconocimiento de experiencias y buenas pr\u00e1cticas docentes.\u00a0 El plazo de presentaci\u00f3n de candidaturas\u2026","rel":"","context":"En \u00abFormaciones\u00bb","block_context":{"text":"Formaciones","link":"https:\/\/cepronda.com\/blog\/category\/formaciones\/"},"img":{"alt_text":"","src":"https:\/\/i0.wp.com\/cepronda.com\/blog\/wp-content\/uploads\/2018\/10\/flamencoenelaula-1.png?fit=794%2C1123&ssl=1&resize=350%2C200","width":350,"height":200,"srcset":"https:\/\/i0.wp.com\/cepronda.com\/blog\/wp-content\/uploads\/2018\/10\/flamencoenelaula-1.png?fit=794%2C1123&ssl=1&resize=350%2C200 1x, https:\/\/i0.wp.com\/cepronda.com\/blog\/wp-content\/uploads\/2018\/10\/flamencoenelaula-1.png?fit=794%2C1123&ssl=1&resize=525%2C300 1.5x, https:\/\/i0.wp.com\/cepronda.com\/blog\/wp-content\/uploads\/2018\/10\/flamencoenelaula-1.png?fit=794%2C1123&ssl=1&resize=700%2C400 2x"},"classes":[]},{"id":125,"url":"https:\/\/cepronda.com\/blog\/inscripcion-vii-concurso-buenas-practicas-educativas\/","url_meta":{"origin":1357,"position":3},"title":"Inscripci\u00f3n VII Concurso Buenas Pr\u00e1cticas Educativas","author":"V\u00edctor Caballero","date":"22 septiembre, 2016","format":false,"excerpt":"Queremos compartir con todo el profesorado este concurso de Buenas Pr\u00e1cticas Educativas. La Asociaci\u00f3n Mejora tu Escuela P\u00fablica convoca la s\u00e9ptima edici\u00f3n de su concurso de Buenas Pr\u00e1cticas Educativas, en el que podr\u00e1n participar las experiencias educativas llevadas a cabo durante el curso 2015\/2016 en centros p\u00fablicos del Estado Espa\u00f1ol.\u2026","rel":"","context":"En \u00abNoticias\u00bb","block_context":{"text":"Noticias","link":"https:\/\/cepronda.com\/blog\/category\/noticias\/"},"img":{"alt_text":"logomep","src":"https:\/\/i0.wp.com\/cepronda.com\/blog\/wp-content\/uploads\/2016\/09\/logoMEP.png?resize=350%2C200","width":350,"height":200},"classes":[]},{"id":2302,"url":"https:\/\/cepronda.com\/blog\/concurso-nacional-de-buenas-practicas\/","url_meta":{"origin":1357,"position":4},"title":"Concurso nacional de Buenas Pr\u00e1cticas","author":"V\u00edctor Caballero","date":"11 septiembre, 2018","format":false,"excerpt":"\u00bfQu\u00e9 tal? Para todos aquellos centros que est\u00e9is interesados en presentar alguna de vuestra buena pr\u00e1ctica sabed que desde el Ministerio de Educaci\u00f3n han convocado un concurso nacional. Os dejamos con el enlace al extracto de las instrucciones, para que as\u00ed lo pod\u00e1is consultar. El plazo es hasta el 30\u2026","rel":"","context":"En \u00abFormaciones\u00bb","block_context":{"text":"Formaciones","link":"https:\/\/cepronda.com\/blog\/category\/formaciones\/"},"img":{"alt_text":"","src":"https:\/\/i0.wp.com\/cepronda.com\/blog\/wp-content\/uploads\/2018\/09\/escudo-mefp-mcd.gif?resize=350%2C200","width":350,"height":200},"classes":[]},{"id":8895,"url":"https:\/\/cepronda.com\/blog\/competencia-digital-docente-nivel-a1-funcionarios-en-practicas-voluntario-269903kpf420\/","url_meta":{"origin":1357,"position":5},"title":"COMPETENCIA DIGITAL DOCENTE NIVEL A1 (FUNCIONARIOS EN PR\u00c1CTICAS: VOLUNTARIO).","author":"Inmaculada Garc\u00eda","date":"9 octubre, 2025","format":false,"excerpt":"Abierto el plazo de inscripci\u00f3n para la actividad formativa, a distancia, regional \"COMPETENCIA DIGITAL DOCENTE NIVEL A1 (FUNCIONARIOS EN PR\u00c1CTICAS: VOLUNTARIO)\", con c\u00f3digo 269903KPF420. Con un desempe\u00f1o de 40 horas, se desarrollar\u00e1 en el Aula Virtual de Formaci\u00f3n del Profesorado. \u00a0 Fecha inscripci\u00f3n: 07\/10\/2025 hasta 17\/10\/2025 Fecha actividad: 24\/10\/2025 hasta\u2026","rel":"","context":"En \u00abFormaciones\u00bb","block_context":{"text":"Formaciones","link":"https:\/\/cepronda.com\/blog\/category\/formaciones\/"},"img":{"alt_text":"","src":"https:\/\/i0.wp.com\/cepronda.com\/blog\/wp-content\/uploads\/2025\/10\/A1-Cuevas-Olula.jpg?fit=960%2C540&ssl=1&resize=350%2C200","width":350,"height":200,"srcset":"https:\/\/i0.wp.com\/cepronda.com\/blog\/wp-content\/uploads\/2025\/10\/A1-Cuevas-Olula.jpg?fit=960%2C540&ssl=1&resize=350%2C200 1x, https:\/\/i0.wp.com\/cepronda.com\/blog\/wp-content\/uploads\/2025\/10\/A1-Cuevas-Olula.jpg?fit=960%2C540&ssl=1&resize=525%2C300 1.5x, https:\/\/i0.wp.com\/cepronda.com\/blog\/wp-content\/uploads\/2025\/10\/A1-Cuevas-Olula.jpg?fit=960%2C540&ssl=1&resize=700%2C400 2x"},"classes":[]}],"jetpack_sharing_enabled":true,"_links":{"self":[{"href":"https:\/\/cepronda.com\/blog\/wp-json\/wp\/v2\/posts\/1357","targetHints":{"allow":["GET"]}}],"collection":[{"href":"https:\/\/cepronda.com\/blog\/wp-json\/wp\/v2\/posts"}],"about":[{"href":"https:\/\/cepronda.com\/blog\/wp-json\/wp\/v2\/types\/post"}],"author":[{"embeddable":true,"href":"https:\/\/cepronda.com\/blog\/wp-json\/wp\/v2\/users\/3"}],"replies":[{"embeddable":true,"href":"https:\/\/cepronda.com\/blog\/wp-json\/wp\/v2\/comments?post=1357"}],"version-history":[{"count":1,"href":"https:\/\/cepronda.com\/blog\/wp-json\/wp\/v2\/posts\/1357\/revisions"}],"predecessor-version":[{"id":1359,"href":"https:\/\/cepronda.com\/blog\/wp-json\/wp\/v2\/posts\/1357\/revisions\/1359"}],"wp:featuredmedia":[{"embeddable":true,"href":"https:\/\/cepronda.com\/blog\/wp-json\/wp\/v2\/media\/1358"}],"wp:attachment":[{"href":"https:\/\/cepronda.com\/blog\/wp-json\/wp\/v2\/media?parent=1357"}],"wp:term":[{"taxonomy":"category","embeddable":true,"href":"https:\/\/cepronda.com\/blog\/wp-json\/wp\/v2\/categories?post=1357"},{"taxonomy":"post_tag","embeddable":true,"href":"https:\/\/cepronda.com\/blog\/wp-json\/wp\/v2\/tags?post=1357"}],"curies":[{"name":"wp","href":"https:\/\/api.w.org\/{rel}","templated":true}]}}