{"id":1353,"date":"2017-10-16T11:51:51","date_gmt":"2017-10-16T09:51:51","guid":{"rendered":"http:\/\/cepronda.com\/blog\/?p=1353"},"modified":"2017-10-16T11:51:51","modified_gmt":"2017-10-16T09:51:51","slug":"curso-de-actualizacion-de-competencias-directivas-sobre-el-desarrollo-de-la-funcion-directiva-2","status":"publish","type":"post","link":"https:\/\/cepronda.com\/blog\/curso-de-actualizacion-de-competencias-directivas-sobre-el-desarrollo-de-la-funcion-directiva-2\/","title":{"rendered":"Curso de actualizaci\u00f3n de competencias directivas sobre el desarrollo de la funci\u00f3n directiva"},"content":{"rendered":"<p>\u00a1Muy buenas!<\/p>\n<p>Se acaba de publicar la Resoluci\u00f3n de 5 de octubre de 2017, de la Direcci\u00f3n General de Profesorado y<br \/>\nGesti\u00f3n de Recursos Humanos, por la que se convoca curso de actualizaci\u00f3n de competencias directivas sobre el desarrollo de la funci\u00f3n directiva establecido en el art\u00edculo 1 del Real Decreto 894\/2014, de 17 de octubre.<\/p>\n<p>El programa del curso de actualizaci\u00f3n de las competencias de la funci\u00f3n directiva ser\u00e1 de car\u00e1cter semipresencial, y tendr\u00e1 como objetivo b\u00e1sico facilitar la actualizaci\u00f3n de las competencias gen\u00e9ricas y espec\u00edficas para ejercer las funciones propias del puesto de director o directora de los centros docentes p\u00fablicos.&nbsp; El curso tendr\u00e1 una duraci\u00f3n de 60 horas y se celebrar\u00e1 entre los meses de octubre y diciembre de 2017.<\/p>\n<p>Este curso estar\u00e1 dirigido a quienes est\u00e9n en posesi\u00f3n de habilitaciones o acreditaciones de direcci\u00f3n de centros p\u00fablicos expedidas con anterioridad a la entrada en vigor de la Ley Org\u00e1nica 8\/2013, de 9 de diciembre, pudiendo s\u00f3lo participar en los procedimientos selectivos tras la superaci\u00f3n del curso de actualizaci\u00f3n.<\/p>\n<p>Quienes participen en este procedimiento deber\u00e1n cumplimentar el formulario asociado a la solicitud que facilitar\u00e1 la Administraci\u00f3n educativa a trav\u00e9s del portal docente de la Consejer\u00eda de Educaci\u00f3n (<a href=\"https:\/\/www.juntadeandalucia.es\/educacion\/portaldocente\/\" target=\"_blank\" rel=\"noopener\">https:\/\/www.juntadeandalucia.es\/educacion\/portaldocente\/<\/a>).<\/p>\n<p>Para poder ver la resoluci\u00f3n completa s\u00f3lo ten\u00e9is que hacer clic en <a href=\"http:\/\/www.juntadeandalucia.es\/boja\/2017\/198\/BOJA17-198-00008-17498-01_00122660.pdf\" target=\"_blank\" rel=\"noopener\">este enlace.<\/a>&nbsp;<\/p>\n","protected":false},"excerpt":{"rendered":"<p>\u00a1Muy buenas! Se acaba de publicar la Resoluci\u00f3n de 5 de octubre de 2017, de la Direcci\u00f3n General de Profesorado y Gesti\u00f3n de Recursos Humanos, por la que se convoca curso de actualizaci\u00f3n de competencias directivas sobre el desarrollo de la funci\u00f3n directiva establecido en el art\u00edculo 1 del Real Decreto 894\/2014, de 17 de [&hellip;]<\/p>\n","protected":false},"author":3,"featured_media":848,"comment_status":"open","ping_status":"open","sticky":false,"template":"","format":"standard","meta":{"_crdt_document":"","advanced_seo_description":"","jetpack_seo_html_title":"","jetpack_seo_noindex":false,"jetpack_post_was_ever_published":false,"_jetpack_newsletter_access":"","_jetpack_dont_email_post_to_subs":false,"_jetpack_newsletter_tier_id":0,"_jetpack_memberships_contains_paywalled_content":false,"_jetpack_memberships_contains_paid_content":false,"footnotes":"","jetpack_publicize_message":"Curso de actualizaci\u00f3n de competencias directivas sobre el desarrollo de la funci\u00f3n directiva","jetpack_publicize_feature_enabled":true,"jetpack_social_post_already_shared":true,"jetpack_social_options":{"image_generator_settings":{"template":"highway","default_image_id":0,"font":"","enabled":false},"version":2}},"categories":[5],"tags":[32],"class_list":{"0":"post-1353","1":"post","2":"type-post","3":"status-publish","4":"format-standard","5":"has-post-thumbnail","7":"category-noticias","8":"tag-funcion-directiva","9":"czr-hentry"},"jetpack_publicize_connections":[],"jetpack_featured_media_url":"https:\/\/i0.wp.com\/cepronda.com\/blog\/wp-content\/uploads\/2017\/05\/logo_ja_ce_mejor.jpg?fit=732%2C600&ssl=1","jetpack_shortlink":"https:\/\/wp.me\/p8M4X7-lP","jetpack-related-posts":[{"id":3149,"url":"https:\/\/cepronda.com\/blog\/curso-extraordinario-de-actualizacion-de-competencias-directivas\/","url_meta":{"origin":1353,"position":0},"title":"Curso extraordinario de actualizaci\u00f3n de competencias directivas","author":"V\u00edctor Caballero","date":"18 noviembre, 2019","format":false,"excerpt":"\u00a1Hola de nuevo! El pasado viernes se public\u00f3 una Resoluci\u00f3n, de la Direcci\u00f3n General de Formaci\u00f3n del Profesorado e Innovaci\u00f3n Educativa, por la que se convoca curso extraordinario de actualizaci\u00f3n de competencias directivas sobre el desarrollo de la funci\u00f3n directiva establecido en el art\u00edculo 1 del Real Decreto 894\/2014, de\u2026","rel":"","context":"En \u00abFormaciones\u00bb","block_context":{"text":"Formaciones","link":"https:\/\/cepronda.com\/blog\/category\/formaciones\/"},"img":{"alt_text":"","src":"https:\/\/i0.wp.com\/cepronda.com\/blog\/wp-content\/uploads\/2019\/05\/logo-nuevo.jpg?fit=531%2C342&ssl=1&resize=350%2C200","width":350,"height":200,"srcset":"https:\/\/i0.wp.com\/cepronda.com\/blog\/wp-content\/uploads\/2019\/05\/logo-nuevo.jpg?fit=531%2C342&ssl=1&resize=350%2C200 1x, https:\/\/i0.wp.com\/cepronda.com\/blog\/wp-content\/uploads\/2019\/05\/logo-nuevo.jpg?fit=531%2C342&ssl=1&resize=525%2C300 1.5x"},"classes":[]},{"id":703,"url":"https:\/\/cepronda.com\/blog\/curso-de-actualizacion-de-competencias-directivas-sobre-el-desarrollo-de-la-funcion-directiva\/","url_meta":{"origin":1353,"position":1},"title":"Curso de actualizaci\u00f3n de competencias directivas sobre el desarrollo de la funci\u00f3n directiva","author":"V\u00edctor Caballero","date":"23 febrero, 2017","format":false,"excerpt":"Pasamos a informaros de que ha salido publicada en BOJA la resoluci\u00f3n por la que se convoca el\u00a0 curso de actualizaci\u00f3n de competencias directivas sobre el desarrollo de la funci\u00f3n directiva. Para obtener toda la informaci\u00f3n haz clic en el siguiente enlace.","rel":"","context":"En \u00abNoticias\u00bb","block_context":{"text":"Noticias","link":"https:\/\/cepronda.com\/blog\/category\/noticias\/"},"img":{"alt_text":"","src":"https:\/\/i0.wp.com\/cepronda.com\/blog\/wp-content\/uploads\/2017\/02\/boja-e1487843465821.jpg?resize=350%2C200","width":350,"height":200},"classes":[]},{"id":3734,"url":"https:\/\/cepronda.com\/blog\/actualizacion-de-competencias-directivas\/","url_meta":{"origin":1353,"position":2},"title":"Actualizaci\u00f3n de competencias directivas","author":"Maribel Mu\u00f1oz","date":"15 septiembre, 2020","format":false,"excerpt":"Buenos d\u00edas compa\u00f1eras y compa\u00f1eros, Os dejamos el enlace a la resoluci\u00f3n por la que se convoca curso deactualizaci\u00f3n de competencias para el desarrollo de la funci\u00f3ndirectiva. Deseamos que sea de vuestro inter\u00e9s.\u00a0 Saludos.","rel":"","context":"En \u00abFormaciones\u00bb","block_context":{"text":"Formaciones","link":"https:\/\/cepronda.com\/blog\/category\/formaciones\/"},"img":{"alt_text":"","src":"https:\/\/i0.wp.com\/cepronda.com\/blog\/wp-content\/uploads\/2020\/09\/Competencias-directivas.jpg?fit=1200%2C679&ssl=1&resize=350%2C200","width":350,"height":200,"srcset":"https:\/\/i0.wp.com\/cepronda.com\/blog\/wp-content\/uploads\/2020\/09\/Competencias-directivas.jpg?fit=1200%2C679&ssl=1&resize=350%2C200 1x, https:\/\/i0.wp.com\/cepronda.com\/blog\/wp-content\/uploads\/2020\/09\/Competencias-directivas.jpg?fit=1200%2C679&ssl=1&resize=525%2C300 1.5x, https:\/\/i0.wp.com\/cepronda.com\/blog\/wp-content\/uploads\/2020\/09\/Competencias-directivas.jpg?fit=1200%2C679&ssl=1&resize=700%2C400 2x, https:\/\/i0.wp.com\/cepronda.com\/blog\/wp-content\/uploads\/2020\/09\/Competencias-directivas.jpg?fit=1200%2C679&ssl=1&resize=1050%2C600 3x"},"classes":[]},{"id":4713,"url":"https:\/\/cepronda.com\/blog\/curso-de-actualizacion-de-competencias-directivas-2\/","url_meta":{"origin":1353,"position":3},"title":"CURSO DE ACTUALIZACI\u00d3N DE COMPETENCIAS DIRECTIVAS.","author":"Maribel Mu\u00f1oz","date":"4 octubre, 2021","format":false,"excerpt":"Buenos d\u00edas compa\u00f1eras y compa\u00f1eros, Os informamos que\u00a0 se ha publicado la Resoluci\u00f3n de 20 de septiembre de 2021, de la Direcci\u00f3n General de Formaci\u00f3n del Profesorado e Innovaci\u00f3n Educativa, por la que se convoca curso de actualizaci\u00f3n de competencias directivas sobre el desarrollo de la funci\u00f3n directiva establecido en\u2026","rel":"","context":"En \u00abFormaciones\u00bb","block_context":{"text":"Formaciones","link":"https:\/\/cepronda.com\/blog\/category\/formaciones\/"},"img":{"alt_text":"","src":"https:\/\/i0.wp.com\/cepronda.com\/blog\/wp-content\/uploads\/2020\/03\/S%C2%B0mbolo-gen%C3%87rico-RRSS-redondo-negativo.png?fit=1200%2C1200&ssl=1&resize=350%2C200","width":350,"height":200,"srcset":"https:\/\/i0.wp.com\/cepronda.com\/blog\/wp-content\/uploads\/2020\/03\/S%C2%B0mbolo-gen%C3%87rico-RRSS-redondo-negativo.png?fit=1200%2C1200&ssl=1&resize=350%2C200 1x, https:\/\/i0.wp.com\/cepronda.com\/blog\/wp-content\/uploads\/2020\/03\/S%C2%B0mbolo-gen%C3%87rico-RRSS-redondo-negativo.png?fit=1200%2C1200&ssl=1&resize=525%2C300 1.5x, https:\/\/i0.wp.com\/cepronda.com\/blog\/wp-content\/uploads\/2020\/03\/S%C2%B0mbolo-gen%C3%87rico-RRSS-redondo-negativo.png?fit=1200%2C1200&ssl=1&resize=700%2C400 2x, https:\/\/i0.wp.com\/cepronda.com\/blog\/wp-content\/uploads\/2020\/03\/S%C2%B0mbolo-gen%C3%87rico-RRSS-redondo-negativo.png?fit=1200%2C1200&ssl=1&resize=1050%2C600 3x"},"classes":[]},{"id":2306,"url":"https:\/\/cepronda.com\/blog\/convocatoria-del-curso-de-actualizacion-de-competencias-directivas\/","url_meta":{"origin":1353,"position":4},"title":"Convocatoria del curso de Actualizaci\u00f3n de competencias directivas","author":"V\u00edctor Caballero","date":"11 septiembre, 2018","format":false,"excerpt":"\u00a1Hola de nuevo! Os informamos de esta convocatoria para aquellos docentes que\u00a0\u00a0est\u00e9n en posesi\u00f3n de acreditaci\u00f3n o habilitaci\u00f3n para el ejercicio de direcci\u00f3n de centros p\u00fablicos expedidas con anterioridad a la entrada en vigor de la Ley Org\u00e1nica de 8\/2013, de 9 de diciembre, o tener experiencia en la direcci\u00f3n\u2026","rel":"","context":"En \u00abFormaciones\u00bb","block_context":{"text":"Formaciones","link":"https:\/\/cepronda.com\/blog\/category\/formaciones\/"},"img":{"alt_text":"","src":"https:\/\/i0.wp.com\/cepronda.com\/blog\/wp-content\/uploads\/2017\/05\/logo_ja_ce_mejor.jpg?fit=732%2C600&ssl=1&resize=350%2C200","width":350,"height":200,"srcset":"https:\/\/i0.wp.com\/cepronda.com\/blog\/wp-content\/uploads\/2017\/05\/logo_ja_ce_mejor.jpg?fit=732%2C600&ssl=1&resize=350%2C200 1x, https:\/\/i0.wp.com\/cepronda.com\/blog\/wp-content\/uploads\/2017\/05\/logo_ja_ce_mejor.jpg?fit=732%2C600&ssl=1&resize=525%2C300 1.5x, https:\/\/i0.wp.com\/cepronda.com\/blog\/wp-content\/uploads\/2017\/05\/logo_ja_ce_mejor.jpg?fit=732%2C600&ssl=1&resize=700%2C400 2x"},"classes":[]},{"id":9043,"url":"https:\/\/cepronda.com\/blog\/curso-de-formacion-sobre-el-desarrollo-de-la-funcion-directiva-2025-2026\/","url_meta":{"origin":1353,"position":5},"title":"Curso de Formaci\u00f3n sobre el Desarrollo de la Funci\u00f3n Directiva 2025-2026","author":"Inmaculada Garc\u00eda","date":"13 noviembre, 2025","format":false,"excerpt":"Hoy se ha publicado la convocatoria para el Curso de Formaci\u00f3n sobre el Desarrollo de la Funci\u00f3n Directiva 2025-26. Plazo de presentaci\u00f3n de solicitudes del 14 al 27 de noviembre ambos inclusive a trav\u00e9s de Portal Docente. Pincha aqu\u00ed para acceder al\u00a0ENLACE A LA CONVOCATORIA.","rel":"","context":"En \u00abNoticias\u00bb","block_context":{"text":"Noticias","link":"https:\/\/cepronda.com\/blog\/category\/noticias\/"},"img":{"alt_text":"","src":"https:\/\/i0.wp.com\/cepronda.com\/blog\/wp-content\/uploads\/2025\/11\/direccion.jpg?fit=640%2C900&ssl=1&resize=350%2C200","width":350,"height":200,"srcset":"https:\/\/i0.wp.com\/cepronda.com\/blog\/wp-content\/uploads\/2025\/11\/direccion.jpg?fit=640%2C900&ssl=1&resize=350%2C200 1x, https:\/\/i0.wp.com\/cepronda.com\/blog\/wp-content\/uploads\/2025\/11\/direccion.jpg?fit=640%2C900&ssl=1&resize=525%2C300 1.5x"},"classes":[]}],"jetpack_sharing_enabled":true,"_links":{"self":[{"href":"https:\/\/cepronda.com\/blog\/wp-json\/wp\/v2\/posts\/1353","targetHints":{"allow":["GET"]}}],"collection":[{"href":"https:\/\/cepronda.com\/blog\/wp-json\/wp\/v2\/posts"}],"about":[{"href":"https:\/\/cepronda.com\/blog\/wp-json\/wp\/v2\/types\/post"}],"author":[{"embeddable":true,"href":"https:\/\/cepronda.com\/blog\/wp-json\/wp\/v2\/users\/3"}],"replies":[{"embeddable":true,"href":"https:\/\/cepronda.com\/blog\/wp-json\/wp\/v2\/comments?post=1353"}],"version-history":[{"count":1,"href":"https:\/\/cepronda.com\/blog\/wp-json\/wp\/v2\/posts\/1353\/revisions"}],"predecessor-version":[{"id":1354,"href":"https:\/\/cepronda.com\/blog\/wp-json\/wp\/v2\/posts\/1353\/revisions\/1354"}],"wp:featuredmedia":[{"embeddable":true,"href":"https:\/\/cepronda.com\/blog\/wp-json\/wp\/v2\/media\/848"}],"wp:attachment":[{"href":"https:\/\/cepronda.com\/blog\/wp-json\/wp\/v2\/media?parent=1353"}],"wp:term":[{"taxonomy":"category","embeddable":true,"href":"https:\/\/cepronda.com\/blog\/wp-json\/wp\/v2\/categories?post=1353"},{"taxonomy":"post_tag","embeddable":true,"href":"https:\/\/cepronda.com\/blog\/wp-json\/wp\/v2\/tags?post=1353"}],"curies":[{"name":"wp","href":"https:\/\/api.w.org\/{rel}","templated":true}]}}