{"id":1316,"date":"2017-10-13T14:03:42","date_gmt":"2017-10-13T12:03:42","guid":{"rendered":"http:\/\/cepronda.com\/blog\/?p=1316"},"modified":"2017-10-16T18:25:57","modified_gmt":"2017-10-16T16:25:57","slug":"una-semana-intensa","status":"publish","type":"post","link":"https:\/\/cepronda.com\/blog\/una-semana-intensa\/","title":{"rendered":"Una semana intensa"},"content":{"rendered":"<p>\u00a1Muy buenas!<\/p>\n<p>Despedimos esta semana \u00abun tanto rara\u00bb con el prop\u00f3sito de coger fuerzas para afrontar la semana que viene con todo nuestro \u00e1nimo y energ\u00eda. Y es que la pr\u00f3xima semana empiezan varias actividades muy interesantes, y adem\u00e1s comienzan algunas de las sesiones de planes educativos. Os detallo, para que as\u00ed no se os escape nada&#8230;<\/p>\n<ul>\n<li>El lunes 16 tenemos la <a href=\"http:\/\/cepronda.com\/blog\/wp-content\/uploads\/2017\/10\/Cartel-Jornada-17-Ronda-BBEE.pdf\" target=\"_blank\" rel=\"noopener\">reuni\u00f3n de responsables de Biblioteca<\/a>, a la que no ten\u00e9is que inscribiros sino que habr\u00e1 llegado a la direcci\u00f3n de vuestros centros la citaci\u00f3n por S\u00e9neca.<\/li>\n<li>&nbsp;El martes 17, comienza en la escuela de idiomas el \u00ab<a href=\"https:\/\/www.juntadeandalucia.es\/educacion\/secretariavirtual\/consultaCEP\/actividad\/182924EO020\/\" target=\"_blank\" rel=\"noopener\">CURSO DE ACTUALIZACI\u00d3N LING\u00dc\u00cdSTICA Y METODOL\u00d3GICA EN LENGUA FRANCESA PARA EL PROFESORADO DE EDUCACI\u00d3N PRIMARIA<\/a>\u00bb y por otro lado en el CEP de M\u00e1laga comienza el curso de \u00ab<a href=\"https:\/\/www.juntadeandalucia.es\/educacion\/secretariavirtual\/consultaCEP\/actividad\/182924GE151\/\" target=\"_blank\" rel=\"noopener\">DE LA MEMORIA DE AUTOEVALUACI\u00d3N AL PLAN DE MEJORA: ELABORACI\u00d3N DEL PLAN DE FORMACI\u00d3N<\/a>\u00bb&nbsp;<\/li>\n<li>El mi\u00e9rcoles 18 y el jueves 19 tenemos las dos primeras sesiones del curso \u00ab<a href=\"https:\/\/www.juntadeandalucia.es\/educacion\/secretariavirtual\/consultaCEP\/actividad\/182924GE001\/\" target=\"_blank\" rel=\"noopener\">PROGRAMAR Y EVALUAR ACTIVIDADES COEDUCATIVAS<\/a>\u00bb con Carmen Ruiz Repullo<\/li>\n<li>El jueves 19 tenemos la primera reuni\u00f3n de la Red Andaluza de Escuela: espacio de paz, para las personas coordinadoras, y a la que tambi\u00e9n os tienen que convocar a trav\u00e9s de S\u00e9neca.<\/li>\n<li>Y por \u00faltimo el viernes 20 terminaremos la semana con las&nbsp;&nbsp;<a href=\"https:\/\/www.juntadeandalucia.es\/educacion\/secretariavirtual\/consultaCEP\/actividad\/182924GE300\/\" target=\"_blank\" rel=\"noopener\">X JORNADAS DE ACTUALIZACI\u00d3N DE EQUIPOS DIRECTIVOS<\/a> destinadas este a\u00f1o al trabajo colaborativo.<\/li>\n<\/ul>\n<p>Como v\u00e9is se trata de una semana intensa, pero en el CEP os esperamos con los brazos abiertos a todas aquellas personas que particip\u00e9is en nuestras actividades. Un saludo y que teng\u00e1is un buen fin de semana!!!<\/p>\n","protected":false},"excerpt":{"rendered":"<p>\u00a1Muy buenas! Despedimos esta semana \u00abun tanto rara\u00bb con el prop\u00f3sito de coger fuerzas para afrontar la semana que viene con todo nuestro \u00e1nimo y energ\u00eda. Y es que la pr\u00f3xima semana empiezan varias actividades muy interesantes, y adem\u00e1s comienzan algunas de las sesiones de planes educativos. Os detallo, para que as\u00ed no se os [&hellip;]<\/p>\n","protected":false},"author":3,"featured_media":956,"comment_status":"open","ping_status":"open","sticky":false,"template":"","format":"standard","meta":{"_crdt_document":"","advanced_seo_description":"","jetpack_seo_html_title":"","jetpack_seo_noindex":false,"jetpack_post_was_ever_published":false,"_jetpack_newsletter_access":"","_jetpack_dont_email_post_to_subs":false,"_jetpack_newsletter_tier_id":0,"_jetpack_memberships_contains_paywalled_content":false,"_jetpack_memberships_contains_paid_content":false,"footnotes":"","jetpack_publicize_message":"Una semana intensa la pr\u00f3xima con actividades y reuniones muy interesantes","jetpack_publicize_feature_enabled":true,"jetpack_social_post_already_shared":true,"jetpack_social_options":{"image_generator_settings":{"template":"highway","default_image_id":0,"font":"","enabled":false},"version":2}},"categories":[5],"tags":[90],"class_list":{"0":"post-1316","1":"post","2":"type-post","3":"status-publish","4":"format-standard","5":"has-post-thumbnail","7":"category-noticias","8":"tag-cursos","9":"czr-hentry"},"jetpack_publicize_connections":[],"jetpack_featured_media_url":"https:\/\/i0.wp.com\/cepronda.com\/blog\/wp-content\/uploads\/2017\/05\/cropped-logocepWEBnew.png?fit=200%2C181&ssl=1","jetpack_shortlink":"https:\/\/wp.me\/p8M4X7-le","jetpack-related-posts":[{"id":1427,"url":"https:\/\/cepronda.com\/blog\/semana-intensa-de-cursos-que-comienzan\/","url_meta":{"origin":1316,"position":0},"title":"Semana intensa de cursos que comienzan","author":"V\u00edctor Caballero","date":"13 noviembre, 2017","format":false,"excerpt":"\u00a1Muy buenas familia! Comenzamos otra de esas semanas donde varios cursos muy demandados y solicitados comienzan, siendo preparados con mucha ilusi\u00f3n y cari\u00f1o. As\u00ed... Ma\u00f1ana martes 14 de noviembre, la Red de Educaci\u00f3n Infantil tiene su primera reuni\u00f3n del curso, y entre otras cuestiones van a tener el lujo de\u2026","rel":"","context":"En \u00abNoticias\u00bb","block_context":{"text":"Noticias","link":"https:\/\/cepronda.com\/blog\/category\/noticias\/"},"img":{"alt_text":"","src":"https:\/\/i0.wp.com\/cepronda.com\/blog\/wp-content\/uploads\/2017\/11\/action-2277292_640.jpg?fit=640%2C436&ssl=1&resize=350%2C200","width":350,"height":200,"srcset":"https:\/\/i0.wp.com\/cepronda.com\/blog\/wp-content\/uploads\/2017\/11\/action-2277292_640.jpg?fit=640%2C436&ssl=1&resize=350%2C200 1x, https:\/\/i0.wp.com\/cepronda.com\/blog\/wp-content\/uploads\/2017\/11\/action-2277292_640.jpg?fit=640%2C436&ssl=1&resize=525%2C300 1.5x"},"classes":[]},{"id":205,"url":"https:\/\/cepronda.com\/blog\/curso-de-diseno-de-rubricas\/","url_meta":{"origin":1316,"position":1},"title":"Curso de dise\u00f1o de r\u00fabricas","author":"V\u00edctor Caballero","date":"10 octubre, 2016","format":false,"excerpt":"Muy buenas de nuevo, Empezamos con energ\u00eda esta semana y ponemos en marcha un curso que creemos os puede resultar muy interesante y \u00fatil en clase. Se trata de un curso con seguimiento sobre la evaluaci\u00f3n mediante r\u00fabricas en el que se van a trabajar los siguientes contenidos: 1. Concepto\u2026","rel":"","context":"En \u00abFormaciones\u00bb","block_context":{"text":"Formaciones","link":"https:\/\/cepronda.com\/blog\/category\/formaciones\/"},"img":{"alt_text":"evaluacion","src":"https:\/\/i0.wp.com\/cepronda.com\/blog\/wp-content\/uploads\/2016\/10\/evaluaci%C3%B3n-300x212.jpg?resize=350%2C200","width":350,"height":200},"classes":[]},{"id":458,"url":"https:\/\/cepronda.com\/blog\/curso-de-disciplina-positiva-para-secundaria\/","url_meta":{"origin":1316,"position":2},"title":"Curso de disciplina positiva para Secundaria","author":"V\u00edctor Caballero","date":"13 diciembre, 2016","format":false,"excerpt":"\u00a1Seguimos con nuestro buen ritmo esta semana! Hoy os queremos informar de un curso muy muy interesante para el profesorado de Secundaria, que comenzaremos a la vuelta de las vacaciones de Navidad. \u00a0Se trata de un curso sobre disciplina positiva en Secundaria, enfocado de forma espec\u00edfica a nuestros y nuestras\u2026","rel":"","context":"En \u00abFormaciones\u00bb","block_context":{"text":"Formaciones","link":"https:\/\/cepronda.com\/blog\/category\/formaciones\/"},"img":{"alt_text":"havefun-1754193_640","src":"https:\/\/i0.wp.com\/cepronda.com\/blog\/wp-content\/uploads\/2016\/12\/havefun-1754193_640.jpg?resize=350%2C200","width":350,"height":200,"srcset":"https:\/\/i0.wp.com\/cepronda.com\/blog\/wp-content\/uploads\/2016\/12\/havefun-1754193_640.jpg?resize=350%2C200 1x, https:\/\/i0.wp.com\/cepronda.com\/blog\/wp-content\/uploads\/2016\/12\/havefun-1754193_640.jpg?resize=525%2C300 1.5x"},"classes":[]},{"id":3255,"url":"https:\/\/cepronda.com\/blog\/curso-de-formacion-sobre-el-desarrollo-de-la-funcion-directiva-2\/","url_meta":{"origin":1316,"position":3},"title":"Curso de formaci\u00f3n sobre el desarrollo de la funci\u00f3n directiva","author":"V\u00edctor Caballero","date":"13 diciembre, 2019","format":false,"excerpt":"Muy buenas, Terminamos la semana compartiendo con todas aquellas personas interesadas en realizar el curso de desarrollo de la funci\u00f3n directiva. Os dejamos con el enlace a la resoluci\u00f3n donde pod\u00e9is ver las caracter\u00edsticas del mismo, las personas a las que va dirigida, as\u00ed como el procedimiento de solicitud de\u2026","rel":"","context":"En \u00abFormaciones\u00bb","block_context":{"text":"Formaciones","link":"https:\/\/cepronda.com\/blog\/category\/formaciones\/"},"img":{"alt_text":"","src":"https:\/\/i0.wp.com\/cepronda.com\/blog\/wp-content\/uploads\/2019\/05\/logo-nuevo.jpg?fit=531%2C342&ssl=1&resize=350%2C200","width":350,"height":200,"srcset":"https:\/\/i0.wp.com\/cepronda.com\/blog\/wp-content\/uploads\/2019\/05\/logo-nuevo.jpg?fit=531%2C342&ssl=1&resize=350%2C200 1x, https:\/\/i0.wp.com\/cepronda.com\/blog\/wp-content\/uploads\/2019\/05\/logo-nuevo.jpg?fit=531%2C342&ssl=1&resize=525%2C300 1.5x"},"classes":[]},{"id":2237,"url":"https:\/\/cepronda.com\/blog\/bienvenida-al-nuevo-curso\/","url_meta":{"origin":1316,"position":4},"title":"Bienvenida al nuevo curso","author":"V\u00edctor Caballero","date":"3 septiembre, 2018","format":false,"excerpt":"Muy buenas familia, \u00bfQu\u00e9 tal han ido esas vacaciones? Esperamos desde el CEP que hayan ido muy bien, y sobre todo queremos escribiros esta entrada para daros la bienvenida, desearos todo lo mejor en este nuevo curso escolar, y como siempre deciros que ten\u00e9is nuestras puertas abiertas para todo aquello\u2026","rel":"","context":"En \u00abNoticias\u00bb","block_context":{"text":"Noticias","link":"https:\/\/cepronda.com\/blog\/category\/noticias\/"},"img":{"alt_text":"","src":"https:\/\/i0.wp.com\/cepronda.com\/blog\/wp-content\/uploads\/2018\/09\/road-1668916_640.jpg?fit=640%2C360&ssl=1&resize=350%2C200","width":350,"height":200,"srcset":"https:\/\/i0.wp.com\/cepronda.com\/blog\/wp-content\/uploads\/2018\/09\/road-1668916_640.jpg?fit=640%2C360&ssl=1&resize=350%2C200 1x, https:\/\/i0.wp.com\/cepronda.com\/blog\/wp-content\/uploads\/2018\/09\/road-1668916_640.jpg?fit=640%2C360&ssl=1&resize=525%2C300 1.5x"},"classes":[]},{"id":202,"url":"https:\/\/cepronda.com\/blog\/nuevo-curso-no-te-lo-puedes-perder\/","url_meta":{"origin":1316,"position":5},"title":"Nuevo curso&#8230; \u00a1No te lo puedes perder!","author":"V\u00edctor Caballero","date":"10 octubre, 2016","format":false,"excerpt":"Muy buenas, Iniciamos la semana publicitando un curso muy interesante sobre el Aprendizaje basado en proyectos, Flipped Classroom y la Evaluaci\u00f3n de las competencias en Educaci\u00f3n Infantil y Primaria. La fecha de inscripci\u00f3n est\u00e1 abierta hasta el pr\u00f3ximo 17 de octubre, dando comienzo el curso al d\u00eda siguiente. Ser\u00e1n cinco\u2026","rel":"","context":"En \u00abFormaciones\u00bb","block_context":{"text":"Formaciones","link":"https:\/\/cepronda.com\/blog\/category\/formaciones\/"},"img":{"alt_text":"hands-1697898_640","src":"https:\/\/i0.wp.com\/cepronda.com\/blog\/wp-content\/uploads\/2016\/10\/hands-1697898_640-300x200.jpg?resize=350%2C200","width":350,"height":200},"classes":[]}],"jetpack_sharing_enabled":true,"_links":{"self":[{"href":"https:\/\/cepronda.com\/blog\/wp-json\/wp\/v2\/posts\/1316","targetHints":{"allow":["GET"]}}],"collection":[{"href":"https:\/\/cepronda.com\/blog\/wp-json\/wp\/v2\/posts"}],"about":[{"href":"https:\/\/cepronda.com\/blog\/wp-json\/wp\/v2\/types\/post"}],"author":[{"embeddable":true,"href":"https:\/\/cepronda.com\/blog\/wp-json\/wp\/v2\/users\/3"}],"replies":[{"embeddable":true,"href":"https:\/\/cepronda.com\/blog\/wp-json\/wp\/v2\/comments?post=1316"}],"version-history":[{"count":3,"href":"https:\/\/cepronda.com\/blog\/wp-json\/wp\/v2\/posts\/1316\/revisions"}],"predecessor-version":[{"id":1356,"href":"https:\/\/cepronda.com\/blog\/wp-json\/wp\/v2\/posts\/1316\/revisions\/1356"}],"wp:featuredmedia":[{"embeddable":true,"href":"https:\/\/cepronda.com\/blog\/wp-json\/wp\/v2\/media\/956"}],"wp:attachment":[{"href":"https:\/\/cepronda.com\/blog\/wp-json\/wp\/v2\/media?parent=1316"}],"wp:term":[{"taxonomy":"category","embeddable":true,"href":"https:\/\/cepronda.com\/blog\/wp-json\/wp\/v2\/categories?post=1316"},{"taxonomy":"post_tag","embeddable":true,"href":"https:\/\/cepronda.com\/blog\/wp-json\/wp\/v2\/tags?post=1316"}],"curies":[{"name":"wp","href":"https:\/\/api.w.org\/{rel}","templated":true}]}}