{"id":1304,"date":"2017-10-03T11:46:31","date_gmt":"2017-10-03T09:46:31","guid":{"rendered":"http:\/\/cepronda.com\/blog\/?p=1304"},"modified":"2017-10-03T11:46:31","modified_gmt":"2017-10-03T09:46:31","slug":"contigoaprendi-una-campana-muy-bonita","status":"publish","type":"post","link":"https:\/\/cepronda.com\/blog\/contigoaprendi-una-campana-muy-bonita\/","title":{"rendered":"#ContigoAprend\u00ed: una campa\u00f1a muy bonita"},"content":{"rendered":"<p class=\"\">La&nbsp;<a href=\"http:\/\/www.juntadeandalucia.es\/organismos\/educacion\" target=\"_blank\" rel=\"noopener\">Consejer\u00eda de Educaci\u00f3n<\/a>&nbsp;ha puesto en marcha la campa\u00f1a &#8216;Contigo Aprend\u00ed&#8217; en las redes sociales para prestigiar la labor del profesorado andaluz con motivo de la celebraci\u00f3n el 5 de octubre del D\u00eda Internacional del Docente. El objetivo es reconocer y agradecer el importante trabajo que realizan en Andaluc\u00eda m\u00e1s de 120.000 profesor@s y maestr@s, como pilares del \u00e9xito educativo y por su contribuci\u00f3n en la construcci\u00f3n de una escuela de calidad.<\/p>\n<p class=\"\">Desde la administraci\u00f3n educativa se invita as\u00ed a subir un v\u00eddeo a las redes sociales con el hashtag <a href=\"https:\/\/twitter.com\/hashtag\/contigoaprend%C3%AD?src=hash\" target=\"_blank\" rel=\"noopener\">#contigoaprend\u00ed<\/a> y dirigirse a aquel docente cuya labor marc\u00f3 tu vida y tu desarrollo personal, para contar lo que no pudiste decirle en su momento o alguna historia com\u00fan que recordar.<\/p>\n<div style=\"width: 720px;\" class=\"wp-video\"><video class=\"wp-video-shortcode\" id=\"video-1304-1\" width=\"720\" height=\"416\" preload=\"metadata\" controls=\"controls\"><source type=\"video\/mp4\" src=\"http:\/\/cepronda.com\/blog\/wp-content\/uploads\/2017\/10\/VID-20170929-WA0000.mp4?_=1\" \/><a href=\"http:\/\/cepronda.com\/blog\/wp-content\/uploads\/2017\/10\/VID-20170929-WA0000.mp4\">http:\/\/cepronda.com\/blog\/wp-content\/uploads\/2017\/10\/VID-20170929-WA0000.mp4<\/a><\/video><\/div>\n","protected":false},"excerpt":{"rendered":"<p>La&nbsp;Consejer\u00eda de Educaci\u00f3n&nbsp;ha puesto en marcha la campa\u00f1a &#8216;Contigo Aprend\u00ed&#8217; en las redes sociales para prestigiar la labor del profesorado andaluz con motivo de la celebraci\u00f3n el 5 de octubre del D\u00eda Internacional del Docente. El objetivo es reconocer y agradecer el importante trabajo que realizan en Andaluc\u00eda m\u00e1s de 120.000 profesor@s y maestr@s, como [&hellip;]<\/p>\n","protected":false},"author":3,"featured_media":1306,"comment_status":"open","ping_status":"open","sticky":false,"template":"","format":"standard","meta":{"_crdt_document":"","advanced_seo_description":"","jetpack_seo_html_title":"","jetpack_seo_noindex":false,"jetpack_post_was_ever_published":false,"_jetpack_newsletter_access":"","_jetpack_dont_email_post_to_subs":false,"_jetpack_newsletter_tier_id":0,"_jetpack_memberships_contains_paywalled_content":false,"_jetpack_memberships_contains_paid_content":false,"footnotes":"","jetpack_publicize_message":"","jetpack_publicize_feature_enabled":true,"jetpack_social_post_already_shared":true,"jetpack_social_options":{"image_generator_settings":{"template":"highway","default_image_id":0,"font":"","enabled":false},"version":2}},"categories":[5],"tags":[89],"class_list":{"0":"post-1304","1":"post","2":"type-post","3":"status-publish","4":"format-standard","5":"has-post-thumbnail","7":"category-noticias","8":"tag-profesorado","9":"czr-hentry"},"jetpack_publicize_connections":[],"jetpack_featured_media_url":"https:\/\/i0.wp.com\/cepronda.com\/blog\/wp-content\/uploads\/2017\/10\/1506677986967docenteAmpDet.jpg?fit=800%2C450&ssl=1","jetpack_shortlink":"https:\/\/wp.me\/p8M4X7-l2","jetpack-related-posts":[{"id":5513,"url":"https:\/\/cepronda.com\/blog\/acompanando-la-labor-docente-herramientas-de-autogestion-del-aula\/","url_meta":{"origin":1304,"position":0},"title":"ACOMPA\u00d1ANDO LA LABOR DOCENTE: HERRAMIENTAS DE AUTOGESTI\u00d3N DEL AULA","author":"Inmaculada Garc\u00eda","date":"28 septiembre, 2022","format":false,"excerpt":"Buenas d\u00edas, compa\u00f1eras y compa\u00f1eros. Os\u00a0 informamos que est\u00e1 abierto el plazo de inscripci\u00f3n en el curso presencial:\u00a0 ACOMPA\u00d1ANDO LA LABOR DOCENTE: HERRAMIENTAS DE AUTOGESTI\u00d3N DEL AULA, con c\u00f3digo 232924GE006, de 20 horas de duraci\u00f3n. Fecha inscripci\u00f3n:\u00a027\/09\/2022 hasta 21\/10\/2022 Fecha actividad:\u00a026\/10\/2022 hasta 10\/05\/2023 Una formaci\u00f3n creada con la intenci\u00f3n de\u2026","rel":"","context":"En \u00abFormaciones\u00bb","block_context":{"text":"Formaciones","link":"https:\/\/cepronda.com\/blog\/category\/formaciones\/"},"img":{"alt_text":"","src":"https:\/\/i0.wp.com\/cepronda.com\/blog\/wp-content\/uploads\/2022\/09\/WhatsApp-Image-2022-09-27-at-19.10.53.jpeg?fit=848%2C1200&ssl=1&resize=350%2C200","width":350,"height":200,"srcset":"https:\/\/i0.wp.com\/cepronda.com\/blog\/wp-content\/uploads\/2022\/09\/WhatsApp-Image-2022-09-27-at-19.10.53.jpeg?fit=848%2C1200&ssl=1&resize=350%2C200 1x, https:\/\/i0.wp.com\/cepronda.com\/blog\/wp-content\/uploads\/2022\/09\/WhatsApp-Image-2022-09-27-at-19.10.53.jpeg?fit=848%2C1200&ssl=1&resize=525%2C300 1.5x, https:\/\/i0.wp.com\/cepronda.com\/blog\/wp-content\/uploads\/2022\/09\/WhatsApp-Image-2022-09-27-at-19.10.53.jpeg?fit=848%2C1200&ssl=1&resize=700%2C400 2x"},"classes":[]},{"id":7196,"url":"https:\/\/cepronda.com\/blog\/competencia-digital-docente-nivel-b2-competencias-profesionales-especificas\/","url_meta":{"origin":1304,"position":1},"title":"COMPETENCIA DIGITAL DOCENTE NIVEL B2. COMPETENCIAS PROFESIONALES ESPEC\u00cdFICAS","author":"Mamen Moreno","date":"6 noviembre, 2023","format":false,"excerpt":"Se abre el plazo de inscripci\u00f3n para la formaci\u00f3n online COMPETENCIA DIGITAL DOCENTE NIVEL B2. COMPETENCIAS PROFESIONALES ESPEC\u00cdFICAS. Dicho curso va destinado a personal docente que en la actualidad no se encuentra desempe\u00f1ando labores educativas directas con el alumnado, tales como: 1\u00ba Direcciones y asesor\u00edas de los Centros del Profesorado.\u2026","rel":"","context":"En \u00abFormaciones\u00bb","block_context":{"text":"Formaciones","link":"https:\/\/cepronda.com\/blog\/category\/formaciones\/"},"img":{"alt_text":"","src":"https:\/\/i0.wp.com\/cepronda.com\/blog\/wp-content\/uploads\/2023\/11\/WhatsApp-Image-2023-11-06-at-10.31.56.jpeg?fit=1200%2C675&ssl=1&resize=350%2C200","width":350,"height":200,"srcset":"https:\/\/i0.wp.com\/cepronda.com\/blog\/wp-content\/uploads\/2023\/11\/WhatsApp-Image-2023-11-06-at-10.31.56.jpeg?fit=1200%2C675&ssl=1&resize=350%2C200 1x, https:\/\/i0.wp.com\/cepronda.com\/blog\/wp-content\/uploads\/2023\/11\/WhatsApp-Image-2023-11-06-at-10.31.56.jpeg?fit=1200%2C675&ssl=1&resize=525%2C300 1.5x, https:\/\/i0.wp.com\/cepronda.com\/blog\/wp-content\/uploads\/2023\/11\/WhatsApp-Image-2023-11-06-at-10.31.56.jpeg?fit=1200%2C675&ssl=1&resize=700%2C400 2x, https:\/\/i0.wp.com\/cepronda.com\/blog\/wp-content\/uploads\/2023\/11\/WhatsApp-Image-2023-11-06-at-10.31.56.jpeg?fit=1200%2C675&ssl=1&resize=1050%2C600 3x"},"classes":[]},{"id":3525,"url":"https:\/\/cepronda.com\/blog\/una-leccion-al-coronavirus\/","url_meta":{"origin":1304,"position":2},"title":"#Una lecci\u00f3n al coronavirus","author":"V\u00edctor Caballero","date":"1 abril, 2020","format":false,"excerpt":"Muy buenas familia, compartimos con todas y todos vosotros esta iniciativa tan buena, que nos llega a trav\u00e9s de uno de nuestros ponentes, Manuel Ca\u00f1o. Estimado\/a compa\u00f1ero\/a, mi nombre es Manuel Ca\u00f1o Delgado, actualmente orientador en el IES Valdelagrana de El Puerto de Santa Mar\u00eda. Desde nuestro claustro ha\u00a0nacido la\u2026","rel":"","context":"En \u00abNoticias\u00bb","block_context":{"text":"Noticias","link":"https:\/\/cepronda.com\/blog\/category\/noticias\/"},"img":{"alt_text":"","src":"https:\/\/i0.wp.com\/cepronda.com\/blog\/wp-content\/uploads\/2020\/04\/lecci%C3%B3n_al_virus.png?fit=497%2C449&ssl=1&resize=350%2C200","width":350,"height":200},"classes":[]},{"id":5598,"url":"https:\/\/cepronda.com\/blog\/competencia-digital-docente-nivel-a1\/","url_meta":{"origin":1304,"position":3},"title":"COMPETENCIA DIGITAL DOCENTE NIVEL A1","author":"Inmaculada Garc\u00eda","date":"10 noviembre, 2022","format":false,"excerpt":"Os informamos que est\u00e1 abierto el plazo de inscripci\u00f3n en el curso COMPETENCIA DIGITAL DOCENTE NIVEL A1\u00a0con c\u00f3digo239924KPF420. Fechas de inscripci\u00f3n : 10\/11\/2022 hasta el 25\/11\/2022 Fecha de realizaci\u00f3n: 01\/12\/2022 hasta 15\/02\/2023 Horas: 40 horas no presenciales. Lugar de realizaci\u00f3n: Aula Virtual de Formaci\u00f3n del Profesorado. Para m\u00e1s informaci\u00f3n e\u2026","rel":"","context":"En \u00abNoticias\u00bb","block_context":{"text":"Noticias","link":"https:\/\/cepronda.com\/blog\/category\/noticias\/"},"img":{"alt_text":"","src":"https:\/\/i0.wp.com\/cepronda.com\/blog\/wp-content\/uploads\/2022\/11\/Copia-de-CDD-A1.jpg?fit=1000%2C1000&ssl=1&resize=350%2C200","width":350,"height":200,"srcset":"https:\/\/i0.wp.com\/cepronda.com\/blog\/wp-content\/uploads\/2022\/11\/Copia-de-CDD-A1.jpg?fit=1000%2C1000&ssl=1&resize=350%2C200 1x, https:\/\/i0.wp.com\/cepronda.com\/blog\/wp-content\/uploads\/2022\/11\/Copia-de-CDD-A1.jpg?fit=1000%2C1000&ssl=1&resize=525%2C300 1.5x, https:\/\/i0.wp.com\/cepronda.com\/blog\/wp-content\/uploads\/2022\/11\/Copia-de-CDD-A1.jpg?fit=1000%2C1000&ssl=1&resize=700%2C400 2x"},"classes":[]},{"id":7916,"url":"https:\/\/cepronda.com\/blog\/actividades-para-el-desarrollo-de-la-competencia-digital-docente\/","url_meta":{"origin":1304,"position":4},"title":"ACTIVIDADES PARA EL DESARROLLO DE LA COMPETENCIA DIGITAL DOCENTE","author":"Mamen Moreno","date":"5 diciembre, 2024","format":false,"excerpt":"Abierto el plazo de inscripciones de las ACTIVIDADES PARA EL DESARROLLO DE LA COMPETENCIA DIGITAL DOCENTE Inscripci\u00f3n del 5 de diciembre hasta el 8 de enero Realizaci\u00f3n entre el 16 de enero y 17 de marzo de 2025 a trav\u00e9s del Aula Virtual de Formaci\u00f3n del Profesorado M\u00e1s informaci\u00f3n e\u2026","rel":"","context":"En \u00abFormaciones\u00bb","block_context":{"text":"Formaciones","link":"https:\/\/cepronda.com\/blog\/category\/formaciones\/"},"img":{"alt_text":"","src":"https:\/\/i0.wp.com\/cepronda.com\/blog\/wp-content\/uploads\/2024\/12\/WhatsApp-Image-2024-12-04-at-18.13.35.jpeg?fit=1000%2C1000&ssl=1&resize=350%2C200","width":350,"height":200,"srcset":"https:\/\/i0.wp.com\/cepronda.com\/blog\/wp-content\/uploads\/2024\/12\/WhatsApp-Image-2024-12-04-at-18.13.35.jpeg?fit=1000%2C1000&ssl=1&resize=350%2C200 1x, https:\/\/i0.wp.com\/cepronda.com\/blog\/wp-content\/uploads\/2024\/12\/WhatsApp-Image-2024-12-04-at-18.13.35.jpeg?fit=1000%2C1000&ssl=1&resize=525%2C300 1.5x, https:\/\/i0.wp.com\/cepronda.com\/blog\/wp-content\/uploads\/2024\/12\/WhatsApp-Image-2024-12-04-at-18.13.35.jpeg?fit=1000%2C1000&ssl=1&resize=700%2C400 2x"},"classes":[]},{"id":5072,"url":"https:\/\/cepronda.com\/blog\/funcion-asesora-y-liderazgo-docente\/","url_meta":{"origin":1304,"position":5},"title":"FUNCI\u00d3N ASESORA Y LIDERAZGO DOCENTE","author":"Maribel Mu\u00f1oz","date":"2 febrero, 2022","format":false,"excerpt":"Buenos d\u00edas compa\u00f1eras y compa\u00f1eros Os informamos que est\u00e1 abierto el plazo de solicitudes para\u00a0 el curso FUNCI\u00d3N ASESORA Y LIDERAZGO DOCENTE: ASESORAR PARA INNOVAR 229902PF383 Este curso va dirigido a aquel profesorado de centros de titularidad p\u00fablica que quiera conocer en qu\u00e9 consiste la funci\u00f3n asesora, cu\u00e1l es el\u2026","rel":"","context":"En \u00abFormaciones\u00bb","block_context":{"text":"Formaciones","link":"https:\/\/cepronda.com\/blog\/category\/formaciones\/"},"img":{"alt_text":"","src":"https:\/\/i0.wp.com\/cepronda.com\/blog\/wp-content\/uploads\/2020\/03\/S%C2%B0mbolo-gen%C3%87rico-RRSS-redondo-negativo.png?fit=1200%2C1200&ssl=1&resize=350%2C200","width":350,"height":200,"srcset":"https:\/\/i0.wp.com\/cepronda.com\/blog\/wp-content\/uploads\/2020\/03\/S%C2%B0mbolo-gen%C3%87rico-RRSS-redondo-negativo.png?fit=1200%2C1200&ssl=1&resize=350%2C200 1x, https:\/\/i0.wp.com\/cepronda.com\/blog\/wp-content\/uploads\/2020\/03\/S%C2%B0mbolo-gen%C3%87rico-RRSS-redondo-negativo.png?fit=1200%2C1200&ssl=1&resize=525%2C300 1.5x, https:\/\/i0.wp.com\/cepronda.com\/blog\/wp-content\/uploads\/2020\/03\/S%C2%B0mbolo-gen%C3%87rico-RRSS-redondo-negativo.png?fit=1200%2C1200&ssl=1&resize=700%2C400 2x, https:\/\/i0.wp.com\/cepronda.com\/blog\/wp-content\/uploads\/2020\/03\/S%C2%B0mbolo-gen%C3%87rico-RRSS-redondo-negativo.png?fit=1200%2C1200&ssl=1&resize=1050%2C600 3x"},"classes":[]}],"jetpack_sharing_enabled":true,"_links":{"self":[{"href":"https:\/\/cepronda.com\/blog\/wp-json\/wp\/v2\/posts\/1304","targetHints":{"allow":["GET"]}}],"collection":[{"href":"https:\/\/cepronda.com\/blog\/wp-json\/wp\/v2\/posts"}],"about":[{"href":"https:\/\/cepronda.com\/blog\/wp-json\/wp\/v2\/types\/post"}],"author":[{"embeddable":true,"href":"https:\/\/cepronda.com\/blog\/wp-json\/wp\/v2\/users\/3"}],"replies":[{"embeddable":true,"href":"https:\/\/cepronda.com\/blog\/wp-json\/wp\/v2\/comments?post=1304"}],"version-history":[{"count":1,"href":"https:\/\/cepronda.com\/blog\/wp-json\/wp\/v2\/posts\/1304\/revisions"}],"predecessor-version":[{"id":1307,"href":"https:\/\/cepronda.com\/blog\/wp-json\/wp\/v2\/posts\/1304\/revisions\/1307"}],"wp:featuredmedia":[{"embeddable":true,"href":"https:\/\/cepronda.com\/blog\/wp-json\/wp\/v2\/media\/1306"}],"wp:attachment":[{"href":"https:\/\/cepronda.com\/blog\/wp-json\/wp\/v2\/media?parent=1304"}],"wp:term":[{"taxonomy":"category","embeddable":true,"href":"https:\/\/cepronda.com\/blog\/wp-json\/wp\/v2\/categories?post=1304"},{"taxonomy":"post_tag","embeddable":true,"href":"https:\/\/cepronda.com\/blog\/wp-json\/wp\/v2\/tags?post=1304"}],"curies":[{"name":"wp","href":"https:\/\/api.w.org\/{rel}","templated":true}]}}