{"id":1297,"date":"2017-10-02T12:16:17","date_gmt":"2017-10-02T10:16:17","guid":{"rendered":"http:\/\/cepronda.com\/blog\/?p=1297"},"modified":"2025-04-28T12:06:21","modified_gmt":"2025-04-28T10:06:21","slug":"jornadas-conmemorativas-del-centenario-el-libro-de-domingo-de-orueta-y-duarte","status":"publish","type":"post","link":"https:\/\/cepronda.com\/blog\/jornadas-conmemorativas-del-centenario-el-libro-de-domingo-de-orueta-y-duarte\/","title":{"rendered":"JORNADAS CONMEMORATIVAS DEL CENTENARIO EL LIBRO DE DOMINGO DE ORUETA Y DUARTE"},"content":{"rendered":"<p>\u00a1Hola!<\/p>\n<p>Comenzamos la semana informando sobre unas jornadas conmemorativas&nbsp;para conmemorar el centenario de la publicaci\u00f3n del libro de Domingo de Orueta y Duarte. Incluyen cuatro conferencias y una exposici\u00f3n de material relacionado con el tema. Ser\u00e1n los pr\u00f3ximos d\u00edas 17, 18 y 19 de octubre. Para m\u00e1s informaci\u00f3n s\u00f3lo ten\u00e9is que hacer clic en el <a href=\"https:\/\/www.juntadeandalucia.es\/educacion\/secretariavirtual\/consultaCEP\/actividad\/182924GE201\/\" target=\"_blank\" rel=\"noopener\">siguiente enlace<\/a>.<\/p>\n<p><a href=\"http:\/\/cepronda.com\/blog\/wp-content\/uploads\/2017\/10\/oruet.pdf\" target=\"_blank\" rel=\"noopener\"><img data-recalc-dims=\"1\" loading=\"lazy\" decoding=\"async\" class=\"aligncenter wp-image-1299 size-full\" src=\"https:\/\/i0.wp.com\/cepronda.com\/blog\/wp-content\/uploads\/2017\/10\/Oruet.png?resize=575%2C178\" alt=\"\" width=\"575\" height=\"178\" srcset=\"https:\/\/i0.wp.com\/cepronda.com\/blog\/wp-content\/uploads\/2017\/10\/Oruet.png?w=575&amp;ssl=1 575w, https:\/\/i0.wp.com\/cepronda.com\/blog\/wp-content\/uploads\/2017\/10\/Oruet.png?resize=300%2C93&amp;ssl=1 300w\" sizes=\"auto, (max-width: 575px) 100vw, 575px\" \/><\/a><\/p>\n<p>&nbsp;<\/p>\n","protected":false},"excerpt":{"rendered":"<p>\u00a1Hola! Comenzamos la semana informando sobre unas jornadas conmemorativas&nbsp;para conmemorar el centenario de la publicaci\u00f3n del libro de Domingo de Orueta y Duarte. Incluyen cuatro conferencias y una exposici\u00f3n de material relacionado con el tema. Ser\u00e1n los pr\u00f3ximos d\u00edas 17, 18 y 19 de octubre. Para m\u00e1s informaci\u00f3n s\u00f3lo ten\u00e9is que hacer clic en el [&hellip;]<\/p>\n","protected":false},"author":3,"featured_media":1299,"comment_status":"open","ping_status":"open","sticky":false,"template":"","format":"standard","meta":{"_crdt_document":"","advanced_seo_description":"","jetpack_seo_html_title":"","jetpack_seo_noindex":false,"jetpack_post_was_ever_published":false,"_jetpack_newsletter_access":"","_jetpack_dont_email_post_to_subs":false,"_jetpack_newsletter_tier_id":0,"_jetpack_memberships_contains_paywalled_content":false,"_jetpack_memberships_contains_paid_content":false,"footnotes":"","jetpack_publicize_message":"","jetpack_publicize_feature_enabled":true,"jetpack_social_post_already_shared":true,"jetpack_social_options":{"image_generator_settings":{"template":"highway","default_image_id":0,"font":"","enabled":false},"version":2}},"categories":[5],"tags":[88,174],"class_list":{"0":"post-1297","1":"post","2":"type-post","3":"status-publish","4":"format-standard","5":"has-post-thumbnail","7":"category-noticias","8":"tag-geologia","9":"tag-jornadas","10":"czr-hentry"},"jetpack_publicize_connections":[],"jetpack_featured_media_url":"https:\/\/i0.wp.com\/cepronda.com\/blog\/wp-content\/uploads\/2017\/10\/Oruet.png?fit=575%2C178&ssl=1","jetpack_shortlink":"https:\/\/wp.me\/p8M4X7-kV","jetpack-related-posts":[{"id":1313,"url":"https:\/\/cepronda.com\/blog\/cursos-con-el-plazo-de-solicitudes-abiertos\/","url_meta":{"origin":1297,"position":0},"title":"Cursos con el plazo de solicitudes abiertos","author":"V\u00edctor Caballero","date":"9 octubre, 2017","format":false,"excerpt":"Muy buenas, Queremos compartir con todos y todas vosotras el listado de los cursos que actualmente tenemos con el plazo abierto de solicitudes, y a los que os animamos a inscribiros: Programar y evaluar actividades coeducativas (dirigido a personas interesadas en la coeducaci\u00f3n y la igualdad, este curso lo impartir\u00e1\u2026","rel":"","context":"En \u00abNoticias\u00bb","block_context":{"text":"Noticias","link":"https:\/\/cepronda.com\/blog\/category\/noticias\/"},"img":{"alt_text":"","src":"https:\/\/i0.wp.com\/cepronda.com\/blog\/wp-content\/uploads\/2017\/05\/cartelparaordenador3.png?fit=1200%2C849&ssl=1&resize=350%2C200","width":350,"height":200,"srcset":"https:\/\/i0.wp.com\/cepronda.com\/blog\/wp-content\/uploads\/2017\/05\/cartelparaordenador3.png?fit=1200%2C849&ssl=1&resize=350%2C200 1x, https:\/\/i0.wp.com\/cepronda.com\/blog\/wp-content\/uploads\/2017\/05\/cartelparaordenador3.png?fit=1200%2C849&ssl=1&resize=525%2C300 1.5x, https:\/\/i0.wp.com\/cepronda.com\/blog\/wp-content\/uploads\/2017\/05\/cartelparaordenador3.png?fit=1200%2C849&ssl=1&resize=700%2C400 2x, https:\/\/i0.wp.com\/cepronda.com\/blog\/wp-content\/uploads\/2017\/05\/cartelparaordenador3.png?fit=1200%2C849&ssl=1&resize=1050%2C600 3x"},"classes":[]},{"id":9259,"url":"https:\/\/cepronda.com\/blog\/jornadas-provinciales-asadipre-genesis-de-la-direccion-escolar\/","url_meta":{"origin":1297,"position":1},"title":"JORNADAS PROVINCIALES ASADIPRE: G\u00c9NESIS DE LA DIRECCI\u00d3N ESCOLAR","author":"Inmaculada Garc\u00eda","date":"27 enero, 2026","format":false,"excerpt":"En breve se abre el plazo de inscripci\u00f3n a las jornadas provinciales: JORNADAS PROVINCIALES ASADIPRE: G\u00c9NESIS DE LA DIRECCI\u00d3N ESCOLAR, c\u00f3digo: 262924GE003. Actividad presencial con una dedicaci\u00f3n de 8h, dirigida a Equipos Directivos. Las jornadas tendr\u00e1n lugar en el Palacio de Ferias y Congresos Convento de Santo Domingo en Ronda,\u2026","rel":"","context":"En \u00abFormaciones\u00bb","block_context":{"text":"Formaciones","link":"https:\/\/cepronda.com\/blog\/category\/formaciones\/"},"img":{"alt_text":"","src":"https:\/\/i0.wp.com\/cepronda.com\/blog\/wp-content\/uploads\/2026\/01\/jornadas-provinciales-de-asadipre-malaga.jpg?fit=960%2C1200&ssl=1&resize=350%2C200","width":350,"height":200,"srcset":"https:\/\/i0.wp.com\/cepronda.com\/blog\/wp-content\/uploads\/2026\/01\/jornadas-provinciales-de-asadipre-malaga.jpg?fit=960%2C1200&ssl=1&resize=350%2C200 1x, https:\/\/i0.wp.com\/cepronda.com\/blog\/wp-content\/uploads\/2026\/01\/jornadas-provinciales-de-asadipre-malaga.jpg?fit=960%2C1200&ssl=1&resize=525%2C300 1.5x, https:\/\/i0.wp.com\/cepronda.com\/blog\/wp-content\/uploads\/2026\/01\/jornadas-provinciales-de-asadipre-malaga.jpg?fit=960%2C1200&ssl=1&resize=700%2C400 2x"},"classes":[]},{"id":8879,"url":"https:\/\/cepronda.com\/blog\/documental-jornadas-de-educacion-fisica-2025\/","url_meta":{"origin":1297,"position":2},"title":"DOCUMENTAL JORNADAS DE EDUCACI\u00d3N F\u00cdSICA 2025","author":"Mamen Moreno","date":"3 octubre, 2025","format":false,"excerpt":"Compartimos el v\u00eddeo resumen de las Jornadas celebradas los d\u00edas 14 y 15 de mayo de 2025 en CEULAJ, Mollina (CEP de Antequera), organizadas por el Equipo Provincial del \u00e1mbito de Educaci\u00f3n F\u00edsica de la provincia de M\u00e1laga. Estas jornadas incluyeron talleres pr\u00e1cticos, retos f\u00edsicos cooperativos, experiencias con modelos pedag\u00f3gicos\u2026","rel":"","context":"En \u00abNoticias\u00bb","block_context":{"text":"Noticias","link":"https:\/\/cepronda.com\/blog\/category\/noticias\/"},"img":{"alt_text":"","src":"https:\/\/i0.wp.com\/cepronda.com\/blog\/wp-content\/uploads\/2025\/10\/Z60XprHTf5nIO0ge.jpg?fit=675%2C1200&ssl=1&resize=350%2C200","width":350,"height":200,"srcset":"https:\/\/i0.wp.com\/cepronda.com\/blog\/wp-content\/uploads\/2025\/10\/Z60XprHTf5nIO0ge.jpg?fit=675%2C1200&ssl=1&resize=350%2C200 1x, https:\/\/i0.wp.com\/cepronda.com\/blog\/wp-content\/uploads\/2025\/10\/Z60XprHTf5nIO0ge.jpg?fit=675%2C1200&ssl=1&resize=525%2C300 1.5x"},"classes":[]},{"id":5814,"url":"https:\/\/cepronda.com\/blog\/vi-jornadas-provinciales-de-educacion-fisica-provincia-de-malaga-inscripciones\/","url_meta":{"origin":1297,"position":3},"title":"VI JORNADAS PROVINCIALES DE EDUCACI\u00d3N F\u00cdSICA (Provincia de M\u00e1laga) \u00a1Inscripciones!","author":"V\u00edctor Caballero","date":"7 marzo, 2023","format":false,"excerpt":"Abierta inscripci\u00f3n VI JORNADAS PROVINCIALES DE EDUCACI\u00d3N F\u00cdSICA: LOMLOE Y COMPETENCIA DIGITAL DOCENTE. C\u00f3digo: 232926EF512 Inscripciones: desde el 07\/03\/2023 hasta 20\/03\/2023 Comienzo de las Jornadas: 10\/05\/2023 Lugar de realizaci\u00f3n: Torre del Mar (V\u00e9lez-M\u00e1laga) Detalle e inscripci\u00f3n: https:\/\/www.juntadeandalucia.es\/educacion\/secretariavirtual\/consultaCEP\/actividad\/232926EF512\/ Rogamos la lectura de las OBSERVACIONES en la ficha de S\u00c9NECA antes de\u2026","rel":"","context":"En \u00abNoticias\u00bb","block_context":{"text":"Noticias","link":"https:\/\/cepronda.com\/blog\/category\/noticias\/"},"img":{"alt_text":"","src":"https:\/\/i0.wp.com\/cepronda.com\/blog\/wp-content\/uploads\/2023\/03\/Cartel-EF.jpeg?fit=848%2C1200&ssl=1&resize=350%2C200","width":350,"height":200,"srcset":"https:\/\/i0.wp.com\/cepronda.com\/blog\/wp-content\/uploads\/2023\/03\/Cartel-EF.jpeg?fit=848%2C1200&ssl=1&resize=350%2C200 1x, https:\/\/i0.wp.com\/cepronda.com\/blog\/wp-content\/uploads\/2023\/03\/Cartel-EF.jpeg?fit=848%2C1200&ssl=1&resize=525%2C300 1.5x, https:\/\/i0.wp.com\/cepronda.com\/blog\/wp-content\/uploads\/2023\/03\/Cartel-EF.jpeg?fit=848%2C1200&ssl=1&resize=700%2C400 2x"},"classes":[]},{"id":1160,"url":"https:\/\/cepronda.com\/blog\/video-resumen-de-las-v-jornadas-provinciales-de-ef\/","url_meta":{"origin":1297,"position":4},"title":"V\u00eddeo resumen de las V Jornadas Provinciales de EF","author":"V\u00edctor Caballero","date":"12 junio, 2017","format":false,"excerpt":"Muy buenas familia, Empezamos la semana con pilas recargadas...y m\u00e1s despu\u00e9s de visionar este v\u00eddeo realizado por Sergio Carrasco como colof\u00f3n final a las V Jornadas de Educaci\u00f3n F\u00edsica que tuvieron lugar el jueves y viernes pasado. Os recomiendo ver el v\u00eddeo... https:\/\/vimeo.com\/221180461","rel":"","context":"En \u00abNoticias\u00bb","block_context":{"text":"Noticias","link":"https:\/\/cepronda.com\/blog\/category\/noticias\/"},"img":{"alt_text":"","src":"https:\/\/cepronda.com\/blog\/wp-content\/uploads\/2017\/06\/Cartel-Jornadas-EF-junio.bmp","width":350,"height":200,"srcset":"https:\/\/cepronda.com\/blog\/wp-content\/uploads\/2017\/06\/Cartel-Jornadas-EF-junio.bmp 1x, https:\/\/cepronda.com\/blog\/wp-content\/uploads\/2017\/06\/Cartel-Jornadas-EF-junio.bmp 1.5x, https:\/\/cepronda.com\/blog\/wp-content\/uploads\/2017\/06\/Cartel-Jornadas-EF-junio.bmp 2x, https:\/\/cepronda.com\/blog\/wp-content\/uploads\/2017\/06\/Cartel-Jornadas-EF-junio.bmp 3x"},"classes":[]},{"id":4323,"url":"https:\/\/cepronda.com\/blog\/jornadas-redes-provinciales-de-bibliotecas-escolares-3\/","url_meta":{"origin":1297,"position":5},"title":"JORNADAS REDES PROVINCIALES DE BIBLIOTECAS ESCOLARES","author":"Maribel Mu\u00f1oz","date":"16 marzo, 2021","format":false,"excerpt":"Buenas tardes\u00a0 compa\u00f1eras y compa\u00f1eros, Os informamos que est\u00e1 abierto el plazo de inscripci\u00f3n de las JORNADAS REDES PROVINCIALES DE BIBLIOTECAS ESCOLARES \u00a0219922BE001,\u00a0\u00a0 que comenzar\u00e1n a desarrollarse el pr\u00f3ximo\u00a0 12\/04\/2021.\u00a0 Adjuntamos\u00a0enlace : https:\/\/www.juntadeandalucia.es\/educacion\/secretariavirtual\/consultaCEP\/actividad\/219922BE001\/ El plazo de inscripci\u00f3n finaliza el pr\u00f3ximo 05\/04\/2021. \u00a0 Deseamos que sea de vuestro inter\u00e9s.\u00a0 Saludos.","rel":"","context":"En \u00abFormaciones\u00bb","block_context":{"text":"Formaciones","link":"https:\/\/cepronda.com\/blog\/category\/formaciones\/"},"img":{"alt_text":"","src":"https:\/\/i0.wp.com\/cepronda.com\/blog\/wp-content\/uploads\/2021\/03\/WhatsApp-Image-2021-03-16-at-12.47.02.jpeg?fit=481%2C674&ssl=1&resize=350%2C200","width":350,"height":200},"classes":[]}],"jetpack_sharing_enabled":true,"_links":{"self":[{"href":"https:\/\/cepronda.com\/blog\/wp-json\/wp\/v2\/posts\/1297","targetHints":{"allow":["GET"]}}],"collection":[{"href":"https:\/\/cepronda.com\/blog\/wp-json\/wp\/v2\/posts"}],"about":[{"href":"https:\/\/cepronda.com\/blog\/wp-json\/wp\/v2\/types\/post"}],"author":[{"embeddable":true,"href":"https:\/\/cepronda.com\/blog\/wp-json\/wp\/v2\/users\/3"}],"replies":[{"embeddable":true,"href":"https:\/\/cepronda.com\/blog\/wp-json\/wp\/v2\/comments?post=1297"}],"version-history":[{"count":1,"href":"https:\/\/cepronda.com\/blog\/wp-json\/wp\/v2\/posts\/1297\/revisions"}],"predecessor-version":[{"id":1300,"href":"https:\/\/cepronda.com\/blog\/wp-json\/wp\/v2\/posts\/1297\/revisions\/1300"}],"wp:featuredmedia":[{"embeddable":true,"href":"https:\/\/cepronda.com\/blog\/wp-json\/wp\/v2\/media\/1299"}],"wp:attachment":[{"href":"https:\/\/cepronda.com\/blog\/wp-json\/wp\/v2\/media?parent=1297"}],"wp:term":[{"taxonomy":"category","embeddable":true,"href":"https:\/\/cepronda.com\/blog\/wp-json\/wp\/v2\/categories?post=1297"},{"taxonomy":"post_tag","embeddable":true,"href":"https:\/\/cepronda.com\/blog\/wp-json\/wp\/v2\/tags?post=1297"}],"curies":[{"name":"wp","href":"https:\/\/api.w.org\/{rel}","templated":true}]}}