{"id":1291,"date":"2017-09-27T09:29:59","date_gmt":"2017-09-27T07:29:59","guid":{"rendered":"http:\/\/cepronda.com\/blog\/?p=1291"},"modified":"2017-09-27T09:29:59","modified_gmt":"2017-09-27T07:29:59","slug":"curso-de-actualizacion-en-frances-para-primaria","status":"publish","type":"post","link":"https:\/\/cepronda.com\/blog\/curso-de-actualizacion-en-frances-para-primaria\/","title":{"rendered":"Curso de actualizaci\u00f3n en franc\u00e9s para primaria"},"content":{"rendered":"<p>Muy buenas,<\/p>\n<p>Uno de los cursos que el curso pasado tuvo un magn\u00edfico recorrido fu\u00e9 el curso de \u00abACTUALIZACI\u00d3N LING\u00dc\u00cdSTICA Y METODOL\u00d3GICA EN LENGUA FRANCESA PARA EL PROFESORADO DE EDUCACI\u00d3N PRIMARIA\u00bb. Pues este curso seguimos con continuaci\u00f3n del mismo, as\u00ed que seguiremos aprendiendo y avanzando en nuestra metodolog\u00eda a la hora de ense\u00f1ar el franc\u00e9s en Educaci\u00f3n Primaria.&nbsp;<\/p>\n<p>As\u00ed que os animamos a los docentes de Primaria nombrados por franc\u00e9s de nuestra comarca a inscribiros y aprovechar las posibilidades de este curso.<\/p>\n<h2>Para ello s\u00f3lo ten\u00e9is que seguir este <a href=\"https:\/\/www.juntadeandalucia.es\/educacion\/secretariavirtual\/consultaCEP\/actividad\/189924EO020\/\" target=\"_blank\" rel=\"noopener\">enlace<\/a>.&nbsp;<\/h2>\n<p><a href=\"https:\/\/i0.wp.com\/cepronda.com\/blog\/wp-content\/uploads\/2017\/09\/french-flag-2695008_640.jpg\"><img data-recalc-dims=\"1\" loading=\"lazy\" decoding=\"async\" class=\"aligncenter size-full wp-image-1292\" src=\"https:\/\/i0.wp.com\/cepronda.com\/blog\/wp-content\/uploads\/2017\/09\/french-flag-2695008_640.jpg?resize=640%2C426\" alt=\"\" width=\"640\" height=\"426\" srcset=\"https:\/\/i0.wp.com\/cepronda.com\/blog\/wp-content\/uploads\/2017\/09\/french-flag-2695008_640.jpg?w=640&amp;ssl=1 640w, https:\/\/i0.wp.com\/cepronda.com\/blog\/wp-content\/uploads\/2017\/09\/french-flag-2695008_640.jpg?resize=300%2C200&amp;ssl=1 300w\" sizes=\"auto, (max-width: 640px) 100vw, 640px\" \/><\/a><\/p>\n","protected":false},"excerpt":{"rendered":"<p>Muy buenas, Uno de los cursos que el curso pasado tuvo un magn\u00edfico recorrido fu\u00e9 el curso de \u00abACTUALIZACI\u00d3N LING\u00dc\u00cdSTICA Y METODOL\u00d3GICA EN LENGUA FRANCESA PARA EL PROFESORADO DE EDUCACI\u00d3N PRIMARIA\u00bb. Pues este curso seguimos con continuaci\u00f3n del mismo, as\u00ed que seguiremos aprendiendo y avanzando en nuestra metodolog\u00eda a la hora de ense\u00f1ar el franc\u00e9s [&hellip;]<\/p>\n","protected":false},"author":3,"featured_media":1292,"comment_status":"open","ping_status":"open","sticky":false,"template":"","format":"standard","meta":{"_crdt_document":"","advanced_seo_description":"","jetpack_seo_html_title":"","jetpack_seo_noindex":false,"jetpack_post_was_ever_published":false,"_jetpack_newsletter_access":"","_jetpack_dont_email_post_to_subs":false,"_jetpack_newsletter_tier_id":0,"_jetpack_memberships_contains_paywalled_content":false,"_jetpack_memberships_contains_paid_content":false,"footnotes":"","jetpack_publicize_message":"CURSO DE ACTUALIZACI\u00d3N LING\u00dc\u00cdSTICA Y METODOL\u00d3GICA EN LENGUA FRANCESA PARA EL PROFESORADO DE EDUCACI\u00d3N PRIMARIA","jetpack_publicize_feature_enabled":true,"jetpack_social_post_already_shared":true,"jetpack_social_options":{"image_generator_settings":{"template":"highway","default_image_id":0,"font":"","enabled":false},"version":2}},"categories":[3],"tags":[86,59],"class_list":{"0":"post-1291","1":"post","2":"type-post","3":"status-publish","4":"format-standard","5":"has-post-thumbnail","7":"category-formaciones","8":"tag-frances","9":"tag-primaria","10":"czr-hentry"},"jetpack_publicize_connections":[],"jetpack_featured_media_url":"https:\/\/i0.wp.com\/cepronda.com\/blog\/wp-content\/uploads\/2017\/09\/french-flag-2695008_640.jpg?fit=640%2C426&ssl=1","jetpack_shortlink":"https:\/\/wp.me\/p8M4X7-kP","jetpack-related-posts":[{"id":3275,"url":"https:\/\/cepronda.com\/blog\/estrategias-de-evaluacion-en-frances-lengua-extranjera-primaria-y-secundaria\/","url_meta":{"origin":1291,"position":0},"title":"ESTRATEGIAS DE EVALUACI\u00d3N EN FRANC\u00c9S LENGUA EXTRANJERA (PRIMARIA Y SECUNDARIA)","author":"V\u00edctor Caballero","date":"7 enero, 2020","format":false,"excerpt":"Muy buenas familia, Comenzamos un nuevo a\u00f1o con renovadas energ\u00edas, y nuevos cursos que se ponen en marcha. Para inscribiros ya ten\u00e9is abierto el curso ESTRATEGIAS DE EVALUACI\u00d3N EN FRANC\u00c9S LENGUA EXTRANJERA (PRIMARIA y SECUNDARIA). Para ver los detalles de la actividad e inscribiros s\u00f3lo ten\u00e9is que seguir uno de\u2026","rel":"","context":"En \u00abFormaciones\u00bb","block_context":{"text":"Formaciones","link":"https:\/\/cepronda.com\/blog\/category\/formaciones\/"},"img":{"alt_text":"","src":"https:\/\/i0.wp.com\/cepronda.com\/blog\/wp-content\/uploads\/2020\/01\/20200213-Franc%C3%A9s.-Estrategias-de-evaluaci%C3%B3n..jpg?fit=848%2C1200&ssl=1&resize=350%2C200","width":350,"height":200,"srcset":"https:\/\/i0.wp.com\/cepronda.com\/blog\/wp-content\/uploads\/2020\/01\/20200213-Franc%C3%A9s.-Estrategias-de-evaluaci%C3%B3n..jpg?fit=848%2C1200&ssl=1&resize=350%2C200 1x, https:\/\/i0.wp.com\/cepronda.com\/blog\/wp-content\/uploads\/2020\/01\/20200213-Franc%C3%A9s.-Estrategias-de-evaluaci%C3%B3n..jpg?fit=848%2C1200&ssl=1&resize=525%2C300 1.5x, https:\/\/i0.wp.com\/cepronda.com\/blog\/wp-content\/uploads\/2020\/01\/20200213-Franc%C3%A9s.-Estrategias-de-evaluaci%C3%B3n..jpg?fit=848%2C1200&ssl=1&resize=700%2C400 2x"},"classes":[]},{"id":5782,"url":"https:\/\/cepronda.com\/blog\/curso-para-profesorado-de-area-no-linguistica-en-frances\/","url_meta":{"origin":1291,"position":1},"title":"CURSO PARA PROFESORADO DE \u00c1REA NO LING\u00dc\u00cdSTICA EN FRANC\u00c9S","author":"Mamen Moreno","date":"15 febrero, 2023","format":false,"excerpt":"Abierto plazo de solicitudes para actividad regional a distancia: https:\/\/www.juntadeandalucia.es\/educacion\/secretariavirtual\/consultaCEP\/actividad\/23K9926AV155\/ Dirigido a profesorado de primaria y de secundaria. Inicio del plazo de solicitudes: del 15\/02\/2023 al 06\/03\/2023 Listado definitivos del curso: 10\/03\/2023 Fechas para realizaci\u00f3n de la actividad: del 13\/03\/2023 al 24\/04\/2023 Rogamos difusi\u00f3n al profesorado de ANL del centro\u2026","rel":"","context":"En \u00abFormaciones\u00bb","block_context":{"text":"Formaciones","link":"https:\/\/cepronda.com\/blog\/category\/formaciones\/"},"img":{"alt_text":"","src":"https:\/\/i0.wp.com\/cepronda.com\/blog\/wp-content\/uploads\/2023\/02\/WhatsApp-Image-2023-02-15-at-11.15.43.jpeg?fit=1080%2C1080&ssl=1&resize=350%2C200","width":350,"height":200,"srcset":"https:\/\/i0.wp.com\/cepronda.com\/blog\/wp-content\/uploads\/2023\/02\/WhatsApp-Image-2023-02-15-at-11.15.43.jpeg?fit=1080%2C1080&ssl=1&resize=350%2C200 1x, https:\/\/i0.wp.com\/cepronda.com\/blog\/wp-content\/uploads\/2023\/02\/WhatsApp-Image-2023-02-15-at-11.15.43.jpeg?fit=1080%2C1080&ssl=1&resize=525%2C300 1.5x, https:\/\/i0.wp.com\/cepronda.com\/blog\/wp-content\/uploads\/2023\/02\/WhatsApp-Image-2023-02-15-at-11.15.43.jpeg?fit=1080%2C1080&ssl=1&resize=700%2C400 2x, https:\/\/i0.wp.com\/cepronda.com\/blog\/wp-content\/uploads\/2023\/02\/WhatsApp-Image-2023-02-15-at-11.15.43.jpeg?fit=1080%2C1080&ssl=1&resize=1050%2C600 3x"},"classes":[]},{"id":7873,"url":"https:\/\/cepronda.com\/blog\/curso-provincial-a-distancia-atencion-al-alumnado-tdah-estrategias-de-intervencion-en-primaria-codigo-252922ge050\/","url_meta":{"origin":1291,"position":2},"title":"CURSO PROVINCIAL A DISTANCIA: ATENCI\u00d3N AL ALUMNADO TDAH: ESTRATEGIAS DE INTERVENCI\u00d3N EN PRIMARIA. C\u00f3digo: 252922GE050.","author":"Inmaculada Garc\u00eda","date":"28 noviembre, 2024","format":false,"excerpt":"Abierto el plazo de solicitudes para el curso provincial a distancia: ATENCI\u00d3N AL ALUMNADO TDAH: ESTRATEGIAS DE INTERVENCI\u00d3N EN PRIMARIA. C\u00f3digo: 252922GE050. Dirigido preferentemente a profesorado de educaci\u00f3n primaria. \u27a1 Curso a distancia de 40 horas, dirigido preferentemente a profesorado de educaci\u00f3n primaria. \u270f Inscripci\u00f3n: 02\/12\/2024 al 15\/12\/2024. Fecha de\u2026","rel":"","context":"En \u00abFormaciones\u00bb","block_context":{"text":"Formaciones","link":"https:\/\/cepronda.com\/blog\/category\/formaciones\/"},"img":{"alt_text":"","src":"https:\/\/i0.wp.com\/cepronda.com\/blog\/wp-content\/uploads\/2024\/11\/WhatsApp-Image-2024-11-28-at-10.46.36.jpeg?fit=1080%2C1080&ssl=1&resize=350%2C200","width":350,"height":200,"srcset":"https:\/\/i0.wp.com\/cepronda.com\/blog\/wp-content\/uploads\/2024\/11\/WhatsApp-Image-2024-11-28-at-10.46.36.jpeg?fit=1080%2C1080&ssl=1&resize=350%2C200 1x, https:\/\/i0.wp.com\/cepronda.com\/blog\/wp-content\/uploads\/2024\/11\/WhatsApp-Image-2024-11-28-at-10.46.36.jpeg?fit=1080%2C1080&ssl=1&resize=525%2C300 1.5x, https:\/\/i0.wp.com\/cepronda.com\/blog\/wp-content\/uploads\/2024\/11\/WhatsApp-Image-2024-11-28-at-10.46.36.jpeg?fit=1080%2C1080&ssl=1&resize=700%2C400 2x, https:\/\/i0.wp.com\/cepronda.com\/blog\/wp-content\/uploads\/2024\/11\/WhatsApp-Image-2024-11-28-at-10.46.36.jpeg?fit=1080%2C1080&ssl=1&resize=1050%2C600 3x"},"classes":[]},{"id":4921,"url":"https:\/\/cepronda.com\/blog\/recursos-digitales-on-line-para-educacion-primaria-nivel-ii-provincial\/","url_meta":{"origin":1291,"position":3},"title":"SE SUSPENDE EL CURSO DE \u00abRECURSOS DIGITALES ON-LINE PARA EDUCACI\u00d3N PRIMARIA. NIVEL II\u00bb (PROVINCIAL)","author":"V\u00edctor Caballero","date":"12 enero, 2022","format":false,"excerpt":"Buenas tardes compa\u00f1eros y compa\u00f1eras. Lamentamos informaros que SUSPENDEMOS el siguiente curso por falta de solicitudes: RECURSOS DIGITALES ON-LINE PARA EDUCACI\u00d3N PRIMARIA. NIVEL II (PROVINCIAL) (222924GE002) Si quieres ver algo en la Ficha en S\u00e9neca pincha en el siguiente enlace Disculpen las molestias. \u00a0","rel":"","context":"En \u00abFormaciones\u00bb","block_context":{"text":"Formaciones","link":"https:\/\/cepronda.com\/blog\/category\/formaciones\/"},"img":{"alt_text":"","src":"https:\/\/i0.wp.com\/cepronda.com\/blog\/wp-content\/uploads\/2021\/12\/Recursos-digitales-Primaria-II.png?fit=848%2C1200&ssl=1&resize=350%2C200","width":350,"height":200,"srcset":"https:\/\/i0.wp.com\/cepronda.com\/blog\/wp-content\/uploads\/2021\/12\/Recursos-digitales-Primaria-II.png?fit=848%2C1200&ssl=1&resize=350%2C200 1x, https:\/\/i0.wp.com\/cepronda.com\/blog\/wp-content\/uploads\/2021\/12\/Recursos-digitales-Primaria-II.png?fit=848%2C1200&ssl=1&resize=525%2C300 1.5x, https:\/\/i0.wp.com\/cepronda.com\/blog\/wp-content\/uploads\/2021\/12\/Recursos-digitales-Primaria-II.png?fit=848%2C1200&ssl=1&resize=700%2C400 2x"},"classes":[]},{"id":2374,"url":"https:\/\/cepronda.com\/blog\/curso-de-actualizacion-didactica-y-metodologica-en-el-area-de-ingles-para-infantil-y-primaria\/","url_meta":{"origin":1291,"position":4},"title":"CURSO DE ACTUALIZACI\u00d3N DID\u00c1CTICA Y METODOL\u00d3GICA EN EL \u00c1REA DE INGL\u00c9S PARA INFANTIL Y PRIMARIA","author":"V\u00edctor Caballero","date":"9 octubre, 2018","format":false,"excerpt":"Hello! How are you? Os anunciamos que acabamos de abrir esta actividad dirigida a las personas especialistas de ingl\u00e9s de Educaci\u00f3n Primaria, y que creemos que os puede resultar de gran inter\u00e9s y ayuda. Contamos con la suerte de tener como ponente a una de las componentes del red de\u2026","rel":"","context":"En \u00abFormaciones\u00bb","block_context":{"text":"Formaciones","link":"https:\/\/cepronda.com\/blog\/category\/formaciones\/"},"img":{"alt_text":"","src":"https:\/\/i0.wp.com\/cepronda.com\/blog\/wp-content\/uploads\/2018\/10\/american-1209605_1920.jpg?fit=1200%2C800&ssl=1&resize=350%2C200","width":350,"height":200,"srcset":"https:\/\/i0.wp.com\/cepronda.com\/blog\/wp-content\/uploads\/2018\/10\/american-1209605_1920.jpg?fit=1200%2C800&ssl=1&resize=350%2C200 1x, https:\/\/i0.wp.com\/cepronda.com\/blog\/wp-content\/uploads\/2018\/10\/american-1209605_1920.jpg?fit=1200%2C800&ssl=1&resize=525%2C300 1.5x, https:\/\/i0.wp.com\/cepronda.com\/blog\/wp-content\/uploads\/2018\/10\/american-1209605_1920.jpg?fit=1200%2C800&ssl=1&resize=700%2C400 2x, https:\/\/i0.wp.com\/cepronda.com\/blog\/wp-content\/uploads\/2018\/10\/american-1209605_1920.jpg?fit=1200%2C800&ssl=1&resize=1050%2C600 3x"},"classes":[]},{"id":1313,"url":"https:\/\/cepronda.com\/blog\/cursos-con-el-plazo-de-solicitudes-abiertos\/","url_meta":{"origin":1291,"position":5},"title":"Cursos con el plazo de solicitudes abiertos","author":"V\u00edctor Caballero","date":"9 octubre, 2017","format":false,"excerpt":"Muy buenas, Queremos compartir con todos y todas vosotras el listado de los cursos que actualmente tenemos con el plazo abierto de solicitudes, y a los que os animamos a inscribiros: Programar y evaluar actividades coeducativas (dirigido a personas interesadas en la coeducaci\u00f3n y la igualdad, este curso lo impartir\u00e1\u2026","rel":"","context":"En \u00abNoticias\u00bb","block_context":{"text":"Noticias","link":"https:\/\/cepronda.com\/blog\/category\/noticias\/"},"img":{"alt_text":"","src":"https:\/\/i0.wp.com\/cepronda.com\/blog\/wp-content\/uploads\/2017\/05\/cartelparaordenador3.png?fit=1200%2C849&ssl=1&resize=350%2C200","width":350,"height":200,"srcset":"https:\/\/i0.wp.com\/cepronda.com\/blog\/wp-content\/uploads\/2017\/05\/cartelparaordenador3.png?fit=1200%2C849&ssl=1&resize=350%2C200 1x, https:\/\/i0.wp.com\/cepronda.com\/blog\/wp-content\/uploads\/2017\/05\/cartelparaordenador3.png?fit=1200%2C849&ssl=1&resize=525%2C300 1.5x, https:\/\/i0.wp.com\/cepronda.com\/blog\/wp-content\/uploads\/2017\/05\/cartelparaordenador3.png?fit=1200%2C849&ssl=1&resize=700%2C400 2x, https:\/\/i0.wp.com\/cepronda.com\/blog\/wp-content\/uploads\/2017\/05\/cartelparaordenador3.png?fit=1200%2C849&ssl=1&resize=1050%2C600 3x"},"classes":[]}],"jetpack_sharing_enabled":true,"_links":{"self":[{"href":"https:\/\/cepronda.com\/blog\/wp-json\/wp\/v2\/posts\/1291","targetHints":{"allow":["GET"]}}],"collection":[{"href":"https:\/\/cepronda.com\/blog\/wp-json\/wp\/v2\/posts"}],"about":[{"href":"https:\/\/cepronda.com\/blog\/wp-json\/wp\/v2\/types\/post"}],"author":[{"embeddable":true,"href":"https:\/\/cepronda.com\/blog\/wp-json\/wp\/v2\/users\/3"}],"replies":[{"embeddable":true,"href":"https:\/\/cepronda.com\/blog\/wp-json\/wp\/v2\/comments?post=1291"}],"version-history":[{"count":1,"href":"https:\/\/cepronda.com\/blog\/wp-json\/wp\/v2\/posts\/1291\/revisions"}],"predecessor-version":[{"id":1293,"href":"https:\/\/cepronda.com\/blog\/wp-json\/wp\/v2\/posts\/1291\/revisions\/1293"}],"wp:featuredmedia":[{"embeddable":true,"href":"https:\/\/cepronda.com\/blog\/wp-json\/wp\/v2\/media\/1292"}],"wp:attachment":[{"href":"https:\/\/cepronda.com\/blog\/wp-json\/wp\/v2\/media?parent=1291"}],"wp:term":[{"taxonomy":"category","embeddable":true,"href":"https:\/\/cepronda.com\/blog\/wp-json\/wp\/v2\/categories?post=1291"},{"taxonomy":"post_tag","embeddable":true,"href":"https:\/\/cepronda.com\/blog\/wp-json\/wp\/v2\/tags?post=1291"}],"curies":[{"name":"wp","href":"https:\/\/api.w.org\/{rel}","templated":true}]}}