{"id":1284,"date":"2017-09-25T13:31:46","date_gmt":"2017-09-25T11:31:46","guid":{"rendered":"http:\/\/cepronda.com\/blog\/?p=1284"},"modified":"2017-09-25T17:38:36","modified_gmt":"2017-09-25T15:38:36","slug":"curso-de-la-autoevaluacion-al-plan-de-mejora","status":"publish","type":"post","link":"https:\/\/cepronda.com\/blog\/curso-de-la-autoevaluacion-al-plan-de-mejora\/","title":{"rendered":"Curso: De la autoevaluaci\u00f3n al Plan de Mejora"},"content":{"rendered":"<p>Muy buenas de nuevo,<\/p>\n<p>En esta ocasi\u00f3n os queremos informar sobre otra de nuestras apuestas en este curso, y es una actividad dirigida a 2 miembros de los ETCP de los Centros de Infantil y Primaria, y al Departamento de Formaci\u00f3n de los IES. En las tres sesiones trabajaremos los siguientes contenidos:<\/p>\n<p>Los indicadores homologados: \u00bfQu\u00e9 son y para qu\u00e9 sirven? \u00bfC\u00f3mo interpretarlos?<\/p>\n<p>Matriz de logros y oportunidades<\/p>\n<p>Los indicadores de calidad: \u00bfQu\u00e9 son? Tipos de indicadores \u00bfC\u00f3mo dise\u00f1arlos\/redactarlos?<\/p>\n<p>Del Plan de Mejora al Plan de Formaci\u00f3n.<\/p>\n<p>Para trabajar todos estos contenidos contaremos con distintos ponentes que nos ayudar\u00e1n a entender, completar y usar todos estos documentos.&nbsp;<\/p>\n<h2>Si hac\u00e9is clic en el <a href=\"https:\/\/www.juntadeandalucia.es\/educacion\/secretariavirtual\/consultaCEP\/actividad\/182924GE151\/\" target=\"_blank\" rel=\"noopener\"><strong>siguiente enlace<\/strong><\/a> podr\u00e9is acceder a toda la informaci\u00f3n y a la inscripci\u00f3n de la actividad.&nbsp;<\/h2>\n","protected":false},"excerpt":{"rendered":"<p>Muy buenas de nuevo, En esta ocasi\u00f3n os queremos informar sobre otra de nuestras apuestas en este curso, y es una actividad dirigida a 2 miembros de los ETCP de los Centros de Infantil y Primaria, y al Departamento de Formaci\u00f3n de los IES. En las tres sesiones trabajaremos los siguientes contenidos: Los indicadores homologados: [&hellip;]<\/p>\n","protected":false},"author":3,"featured_media":984,"comment_status":"open","ping_status":"open","sticky":false,"template":"","format":"standard","meta":{"_crdt_document":"","advanced_seo_description":"","jetpack_seo_html_title":"","jetpack_seo_noindex":false,"jetpack_post_was_ever_published":false,"_jetpack_newsletter_access":"","_jetpack_dont_email_post_to_subs":false,"_jetpack_newsletter_tier_id":0,"_jetpack_memberships_contains_paywalled_content":false,"_jetpack_memberships_contains_paid_content":false,"footnotes":"","jetpack_publicize_message":"Curso: De la autoevaluaci\u00f3n al Plan de Mejora","jetpack_publicize_feature_enabled":true,"jetpack_social_post_already_shared":true,"jetpack_social_options":{"image_generator_settings":{"template":"highway","default_image_id":0,"font":"","enabled":false},"version":2}},"categories":[3],"tags":[84,54,83,85],"class_list":{"0":"post-1284","1":"post","2":"type-post","3":"status-publish","4":"format-standard","5":"has-post-thumbnail","7":"category-formaciones","8":"tag-memoria-de-autoealuacion","9":"tag-normativa","10":"tag-plan-de-formacion","11":"tag-plan-de-mejora","12":"czr-hentry"},"jetpack_publicize_connections":[],"jetpack_featured_media_url":"https:\/\/i0.wp.com\/cepronda.com\/blog\/wp-content\/uploads\/2017\/05\/notepad-117597_1280.png?fit=1202%2C1280&ssl=1","jetpack_shortlink":"https:\/\/wp.me\/p8M4X7-kI","jetpack-related-posts":[{"id":4730,"url":"https:\/\/cepronda.com\/blog\/plan-de-mejora-elaboracion-de-indicadores-de-autoevaluacion-y-propuestas-de-mejora\/","url_meta":{"origin":1284,"position":0},"title":"PLAN DE MEJORA: ELABORACI\u00d3N DE INDICADORES DE AUTOEVALUACI\u00d3N Y PROPUESTAS DE MEJORA.","author":"Maribel Mu\u00f1oz","date":"8 octubre, 2021","format":false,"excerpt":"Buenas tardes compa\u00f1eras y compa\u00f1eros, Os informamos que est\u00e1 abierto el plazo de inscripci\u00f3n en la actividad\u00a0 PLAN DE MEJORA: ELABORACI\u00d3N DE INDICADORES DE AUTOEVALUACI\u00d3N Y PROPUESTAS DE MEJORA con c\u00f3digo 222924GE034. La formaci\u00f3n es presencial, con un total de 5 horas . Es de \u00e1mbito CEP.\u00a0 La fechas son:\u00a0\u2026","rel":"","context":"En \u00abFormaciones\u00bb","block_context":{"text":"Formaciones","link":"https:\/\/cepronda.com\/blog\/category\/formaciones\/"},"img":{"alt_text":"","src":"https:\/\/i0.wp.com\/cepronda.com\/blog\/wp-content\/uploads\/2021\/10\/WhatsApp-Image-2021-10-08-at-12.01.11-1-1.jpeg?fit=848%2C1200&ssl=1&resize=350%2C200","width":350,"height":200,"srcset":"https:\/\/i0.wp.com\/cepronda.com\/blog\/wp-content\/uploads\/2021\/10\/WhatsApp-Image-2021-10-08-at-12.01.11-1-1.jpeg?fit=848%2C1200&ssl=1&resize=350%2C200 1x, https:\/\/i0.wp.com\/cepronda.com\/blog\/wp-content\/uploads\/2021\/10\/WhatsApp-Image-2021-10-08-at-12.01.11-1-1.jpeg?fit=848%2C1200&ssl=1&resize=525%2C300 1.5x, https:\/\/i0.wp.com\/cepronda.com\/blog\/wp-content\/uploads\/2021\/10\/WhatsApp-Image-2021-10-08-at-12.01.11-1-1.jpeg?fit=848%2C1200&ssl=1&resize=700%2C400 2x"},"classes":[]},{"id":8870,"url":"https:\/\/cepronda.com\/blog\/encuentro-para-responsables-de-formacion-y-equipos-directivos-de-los-centros-educativos\/","url_meta":{"origin":1284,"position":1},"title":"ENCUENTRO PARA RESPONSABLES DE FORMACI\u00d3N Y EQUIPOS DIRECTIVOS DE LOS CENTROS EDUCATIVOS.","author":"V\u00edctor Caballero","date":"20 octubre, 2025","format":false,"excerpt":"Abierto el plazo de inscripci\u00f3n para el \"ENCUENTRO PARA RESPONSABLES DE FORMACI\u00d3N Y EQUIPOS DIRECTIVOS DE LOS CENTROS EDUCATIVOS.\" c\u00f3digo 262924GE001 Formaci\u00f3n destinada a equipos directivos y FEIE para mejorar el proceso de autoevaluaci\u00f3n y mejora de los centros. - Fortalecimiento de los Equipos. - Elaboraci\u00f3n del Plan de Formaci\u00f3n\u2026","rel":"","context":"En \u00abFormaciones\u00bb","block_context":{"text":"Formaciones","link":"https:\/\/cepronda.com\/blog\/category\/formaciones\/"},"img":{"alt_text":"","src":"https:\/\/i0.wp.com\/cepronda.com\/blog\/wp-content\/uploads\/2025\/09\/262924GE001-Cartel-Encuentro-Equipos-directivos-y-FEIE.png?fit=960%2C1200&ssl=1&resize=350%2C200","width":350,"height":200,"srcset":"https:\/\/i0.wp.com\/cepronda.com\/blog\/wp-content\/uploads\/2025\/09\/262924GE001-Cartel-Encuentro-Equipos-directivos-y-FEIE.png?fit=960%2C1200&ssl=1&resize=350%2C200 1x, https:\/\/i0.wp.com\/cepronda.com\/blog\/wp-content\/uploads\/2025\/09\/262924GE001-Cartel-Encuentro-Equipos-directivos-y-FEIE.png?fit=960%2C1200&ssl=1&resize=525%2C300 1.5x, https:\/\/i0.wp.com\/cepronda.com\/blog\/wp-content\/uploads\/2025\/09\/262924GE001-Cartel-Encuentro-Equipos-directivos-y-FEIE.png?fit=960%2C1200&ssl=1&resize=700%2C400 2x"},"classes":[]},{"id":4523,"url":"https:\/\/cepronda.com\/blog\/la-memoria-de-autoevaluacion-indicadores-de-calidad-para-la-mejora-del-centro\/","url_meta":{"origin":1284,"position":2},"title":"LA MEMORIA DE AUTOEVALUACI\u00d3N: INDICADORES DE CALIDAD PARA LA MEJORA DEL CENTRO","author":"Mar\u00eda Jos\u00e9 M\u00e1rquez","date":"10 mayo, 2021","format":false,"excerpt":"Buenas tardes compa\u00f1eras y compa\u00f1eros. Se abre el plazo de inscripci\u00f3n para la actividad LA MEMORIA DE AUTOEVALUACI\u00d3N: INDICADORES DE CALIDAD PARA LA MEJORA DEL CENTRO. C\u00f3digo : 212924GE040 Esta actividad va dirigida a los Equipos Directivos de la zona de actuaci\u00f3n del CEP de Ronda, a los miembros de\u2026","rel":"","context":"En \u00abNoticias\u00bb","block_context":{"text":"Noticias","link":"https:\/\/cepronda.com\/blog\/category\/noticias\/"},"img":{"alt_text":"indicadores","src":"https:\/\/i0.wp.com\/cepronda.com\/blog\/wp-content\/uploads\/2021\/05\/INDICADORES-EVALUACIO%CC%81N-212x300.png?resize=350%2C200","width":350,"height":200},"classes":[]},{"id":1313,"url":"https:\/\/cepronda.com\/blog\/cursos-con-el-plazo-de-solicitudes-abiertos\/","url_meta":{"origin":1284,"position":3},"title":"Cursos con el plazo de solicitudes abiertos","author":"V\u00edctor Caballero","date":"9 octubre, 2017","format":false,"excerpt":"Muy buenas, Queremos compartir con todos y todas vosotras el listado de los cursos que actualmente tenemos con el plazo abierto de solicitudes, y a los que os animamos a inscribiros: Programar y evaluar actividades coeducativas (dirigido a personas interesadas en la coeducaci\u00f3n y la igualdad, este curso lo impartir\u00e1\u2026","rel":"","context":"En \u00abNoticias\u00bb","block_context":{"text":"Noticias","link":"https:\/\/cepronda.com\/blog\/category\/noticias\/"},"img":{"alt_text":"","src":"https:\/\/i0.wp.com\/cepronda.com\/blog\/wp-content\/uploads\/2017\/05\/cartelparaordenador3.png?fit=1200%2C849&ssl=1&resize=350%2C200","width":350,"height":200,"srcset":"https:\/\/i0.wp.com\/cepronda.com\/blog\/wp-content\/uploads\/2017\/05\/cartelparaordenador3.png?fit=1200%2C849&ssl=1&resize=350%2C200 1x, https:\/\/i0.wp.com\/cepronda.com\/blog\/wp-content\/uploads\/2017\/05\/cartelparaordenador3.png?fit=1200%2C849&ssl=1&resize=525%2C300 1.5x, https:\/\/i0.wp.com\/cepronda.com\/blog\/wp-content\/uploads\/2017\/05\/cartelparaordenador3.png?fit=1200%2C849&ssl=1&resize=700%2C400 2x, https:\/\/i0.wp.com\/cepronda.com\/blog\/wp-content\/uploads\/2017\/05\/cartelparaordenador3.png?fit=1200%2C849&ssl=1&resize=1050%2C600 3x"},"classes":[]},{"id":5149,"url":"https:\/\/cepronda.com\/blog\/liderazgo-pedagogico-en-andalucia-plan-de-mejora\/","url_meta":{"origin":1284,"position":4},"title":"LIDERAZGO PEDAG\u00d3GICO EN ANDALUC\u00cdA: PLAN DE MEJORA","author":"Maribel Mu\u00f1oz","date":"23 febrero, 2022","format":false,"excerpt":"Buenas tardes compa\u00f1eras y compa\u00f1eros Os informamos que est\u00e1 abierto el plazo de\u00a0 inscripci\u00f3n del curso a distancia provincial gestionado por el CEP de V\u00e9lez-M\u00e1laga: \u201cLIDERAZGO PEDAG\u00d3GICO EN ANDALUC\u00cdA: PLAN DE MEJORA\u201d. El curso est\u00e1 dirigido a: Directores, directoras, FEIE, coordinaci\u00f3n de \u00e1rea y ciclo, profesorado general. C\u00f3digo: 222926GE512. Las\u2026","rel":"","context":"En \u00abFormaciones\u00bb","block_context":{"text":"Formaciones","link":"https:\/\/cepronda.com\/blog\/category\/formaciones\/"},"img":{"alt_text":"","src":"https:\/\/i0.wp.com\/cepronda.com\/blog\/wp-content\/uploads\/2022\/02\/WhatsApp-Image-2022-02-23-at-16.29.46.jpeg?fit=848%2C1200&ssl=1&resize=350%2C200","width":350,"height":200,"srcset":"https:\/\/i0.wp.com\/cepronda.com\/blog\/wp-content\/uploads\/2022\/02\/WhatsApp-Image-2022-02-23-at-16.29.46.jpeg?fit=848%2C1200&ssl=1&resize=350%2C200 1x, https:\/\/i0.wp.com\/cepronda.com\/blog\/wp-content\/uploads\/2022\/02\/WhatsApp-Image-2022-02-23-at-16.29.46.jpeg?fit=848%2C1200&ssl=1&resize=525%2C300 1.5x, https:\/\/i0.wp.com\/cepronda.com\/blog\/wp-content\/uploads\/2022\/02\/WhatsApp-Image-2022-02-23-at-16.29.46.jpeg?fit=848%2C1200&ssl=1&resize=700%2C400 2x"},"classes":[]},{"id":8258,"url":"https:\/\/cepronda.com\/blog\/curso-autoevaluacion-plan-de-mejora-y-proyecto-formativo-codigo-259923kpf386\/","url_meta":{"origin":1284,"position":5},"title":"AUTOEVALUACI\u00d3N. PLAN DE MEJORA Y PROYECTO FORMATIVO","author":"Inmaculada Garc\u00eda","date":"21 febrero, 2025","format":false,"excerpt":"Abierto el plazo de inscripci\u00f3n del curso semipresencial provincial: AUTOEVALUACI\u00d3N. PLAN DE MEJORA Y PROYECTO FORMATIVO. C\u00f3digo: 259923KPF386 \u00a0 \u00b7 Inscripci\u00f3n hasta el 21 de marzo \u00b7 Aula Virtual de Formaci\u00f3n del Profesorado entre 01\/04\/25 y 20\/05\/25 \u00b7 Sesiones presenciales en el CEP de M\u00e1laga: 24\/04\/25 y 08\/05\/25 de 16:30\u2026","rel":"","context":"En \u00abFormaciones\u00bb","block_context":{"text":"Formaciones","link":"https:\/\/cepronda.com\/blog\/category\/formaciones\/"},"img":{"alt_text":"","src":"https:\/\/i0.wp.com\/cepronda.com\/blog\/wp-content\/uploads\/2025\/03\/Sin-titulo-1080-x-1350-px.jpg?fit=960%2C1200&ssl=1&resize=350%2C200","width":350,"height":200,"srcset":"https:\/\/i0.wp.com\/cepronda.com\/blog\/wp-content\/uploads\/2025\/03\/Sin-titulo-1080-x-1350-px.jpg?fit=960%2C1200&ssl=1&resize=350%2C200 1x, https:\/\/i0.wp.com\/cepronda.com\/blog\/wp-content\/uploads\/2025\/03\/Sin-titulo-1080-x-1350-px.jpg?fit=960%2C1200&ssl=1&resize=525%2C300 1.5x, https:\/\/i0.wp.com\/cepronda.com\/blog\/wp-content\/uploads\/2025\/03\/Sin-titulo-1080-x-1350-px.jpg?fit=960%2C1200&ssl=1&resize=700%2C400 2x"},"classes":[]}],"jetpack_sharing_enabled":true,"_links":{"self":[{"href":"https:\/\/cepronda.com\/blog\/wp-json\/wp\/v2\/posts\/1284","targetHints":{"allow":["GET"]}}],"collection":[{"href":"https:\/\/cepronda.com\/blog\/wp-json\/wp\/v2\/posts"}],"about":[{"href":"https:\/\/cepronda.com\/blog\/wp-json\/wp\/v2\/types\/post"}],"author":[{"embeddable":true,"href":"https:\/\/cepronda.com\/blog\/wp-json\/wp\/v2\/users\/3"}],"replies":[{"embeddable":true,"href":"https:\/\/cepronda.com\/blog\/wp-json\/wp\/v2\/comments?post=1284"}],"version-history":[{"count":2,"href":"https:\/\/cepronda.com\/blog\/wp-json\/wp\/v2\/posts\/1284\/revisions"}],"predecessor-version":[{"id":1289,"href":"https:\/\/cepronda.com\/blog\/wp-json\/wp\/v2\/posts\/1284\/revisions\/1289"}],"wp:featuredmedia":[{"embeddable":true,"href":"https:\/\/cepronda.com\/blog\/wp-json\/wp\/v2\/media\/984"}],"wp:attachment":[{"href":"https:\/\/cepronda.com\/blog\/wp-json\/wp\/v2\/media?parent=1284"}],"wp:term":[{"taxonomy":"category","embeddable":true,"href":"https:\/\/cepronda.com\/blog\/wp-json\/wp\/v2\/categories?post=1284"},{"taxonomy":"post_tag","embeddable":true,"href":"https:\/\/cepronda.com\/blog\/wp-json\/wp\/v2\/tags?post=1284"}],"curies":[{"name":"wp","href":"https:\/\/api.w.org\/{rel}","templated":true}]}}