{"id":1277,"date":"2017-09-21T12:50:25","date_gmt":"2017-09-21T10:50:25","guid":{"rendered":"http:\/\/cepronda.com\/blog\/?p=1277"},"modified":"2017-09-21T12:50:25","modified_gmt":"2017-09-21T10:50:25","slug":"presencia-del-ies-martin-rivero-en-el-congreso-del-bienestar","status":"publish","type":"post","link":"https:\/\/cepronda.com\/blog\/presencia-del-ies-martin-rivero-en-el-congreso-del-bienestar\/","title":{"rendered":"Presencia del IES Mart\u00edn Rivero en el Congreso del Bienestar"},"content":{"rendered":"<p>\u00a1Hola!<\/p>\n<p>Quer\u00edamos compartir con todos y todas vosotras la participaci\u00f3n de parte del alumnado del IES Mart\u00edn Rivero en el prestigioso <a href=\"http:\/\/congresosdelbienestar.es\/\" target=\"_blank\" rel=\"noopener\">Congreso del Bienestar<\/a> que organiza la Cadena SER. Dentro de la agenda de este congreso ma\u00f1ana viernes en la Plaza de las Tendillas el alumnado llevar\u00e1 a cabo una taller sobre <a href=\"http:\/\/congresosdelbienestar.es\/agenda\/\" target=\"_blank\" rel=\"noopener\">\u00abSistemas de riego\u00bb.<\/a><\/p>\n<p>Seguro que ser\u00e1 una gran experiencia para el alumnado y el profesorado que se desplace a C\u00f3rdoba. Desde el CEP daros nuestra enhorabuena y desearos la mejor de las suertes.&nbsp;&nbsp;<\/p>\n<p><a href=\"https:\/\/i0.wp.com\/cepronda.com\/blog\/wp-content\/uploads\/2017\/09\/IMG-20170920-WA0001.jpg\"><img data-recalc-dims=\"1\" loading=\"lazy\" decoding=\"async\" class=\"aligncenter size-full wp-image-1278\" src=\"https:\/\/i0.wp.com\/cepronda.com\/blog\/wp-content\/uploads\/2017\/09\/IMG-20170920-WA0001.jpg?resize=1136%2C1600\" alt=\"\" width=\"1136\" height=\"1600\" srcset=\"https:\/\/i0.wp.com\/cepronda.com\/blog\/wp-content\/uploads\/2017\/09\/IMG-20170920-WA0001.jpg?w=1136&amp;ssl=1 1136w, https:\/\/i0.wp.com\/cepronda.com\/blog\/wp-content\/uploads\/2017\/09\/IMG-20170920-WA0001.jpg?resize=213%2C300&amp;ssl=1 213w, https:\/\/i0.wp.com\/cepronda.com\/blog\/wp-content\/uploads\/2017\/09\/IMG-20170920-WA0001.jpg?resize=768%2C1082&amp;ssl=1 768w, https:\/\/i0.wp.com\/cepronda.com\/blog\/wp-content\/uploads\/2017\/09\/IMG-20170920-WA0001.jpg?resize=727%2C1024&amp;ssl=1 727w\" sizes=\"auto, (max-width: 1136px) 100vw, 1136px\" \/><\/a><\/p>\n","protected":false},"excerpt":{"rendered":"<p>\u00a1Hola! Quer\u00edamos compartir con todos y todas vosotras la participaci\u00f3n de parte del alumnado del IES Mart\u00edn Rivero en el prestigioso Congreso del Bienestar que organiza la Cadena SER. Dentro de la agenda de este congreso ma\u00f1ana viernes en la Plaza de las Tendillas el alumnado llevar\u00e1 a cabo una taller sobre \u00abSistemas de riego\u00bb. [&hellip;]<\/p>\n","protected":false},"author":3,"featured_media":1278,"comment_status":"open","ping_status":"open","sticky":false,"template":"","format":"standard","meta":{"_crdt_document":"","advanced_seo_description":"","jetpack_seo_html_title":"","jetpack_seo_noindex":false,"jetpack_post_was_ever_published":false,"_jetpack_newsletter_access":"","_jetpack_dont_email_post_to_subs":false,"_jetpack_newsletter_tier_id":0,"_jetpack_memberships_contains_paywalled_content":false,"_jetpack_memberships_contains_paid_content":false,"footnotes":"","jetpack_publicize_message":"","jetpack_publicize_feature_enabled":true,"jetpack_social_post_already_shared":true,"jetpack_social_options":{"image_generator_settings":{"template":"highway","default_image_id":0,"font":"","enabled":false},"version":2}},"categories":[5],"tags":[13],"class_list":{"0":"post-1277","1":"post","2":"type-post","3":"status-publish","4":"format-standard","5":"has-post-thumbnail","7":"category-noticias","8":"tag-buenas-practicas","9":"czr-hentry"},"jetpack_publicize_connections":[],"jetpack_featured_media_url":"https:\/\/i0.wp.com\/cepronda.com\/blog\/wp-content\/uploads\/2017\/09\/IMG-20170920-WA0001.jpg?fit=1136%2C1600&ssl=1","jetpack_shortlink":"https:\/\/wp.me\/p8M4X7-kB","jetpack-related-posts":[{"id":2588,"url":"https:\/\/cepronda.com\/blog\/exposicion-bachillerato-artistico-ies-martin-rivero\/","url_meta":{"origin":1277,"position":0},"title":"Exposici\u00f3n Bachillerato Art\u00edstico IES Mart\u00edn Rivero","author":"V\u00edctor Caballero","date":"17 enero, 2019","format":false,"excerpt":"\u00a1Hola familia! Compartimos con todos los centros de nuestra zona esta noticia. Y es que el Bachillerato de Bellas Artes del IES Mart\u00edn Rivero ha organziado una exposici\u00f3n para celebrar el 20\u00ba Aniversario de esta modalidad organizada por el IES Mart\u00edn Rivero. Las visitas ser\u00e1n guiadas, dirigidas al alumnado de\u2026","rel":"","context":"En \u00abNoticias\u00bb","block_context":{"text":"Noticias","link":"https:\/\/cepronda.com\/blog\/category\/noticias\/"},"img":{"alt_text":"","src":"https:\/\/i0.wp.com\/cepronda.com\/blog\/wp-content\/uploads\/2019\/01\/expo20ba.jpg?fit=931%2C1200&ssl=1&resize=350%2C200","width":350,"height":200,"srcset":"https:\/\/i0.wp.com\/cepronda.com\/blog\/wp-content\/uploads\/2019\/01\/expo20ba.jpg?fit=931%2C1200&ssl=1&resize=350%2C200 1x, https:\/\/i0.wp.com\/cepronda.com\/blog\/wp-content\/uploads\/2019\/01\/expo20ba.jpg?fit=931%2C1200&ssl=1&resize=525%2C300 1.5x, https:\/\/i0.wp.com\/cepronda.com\/blog\/wp-content\/uploads\/2019\/01\/expo20ba.jpg?fit=931%2C1200&ssl=1&resize=700%2C400 2x"},"classes":[]},{"id":3057,"url":"https:\/\/cepronda.com\/blog\/premiados-en-el-ies-martin-rivero\/","url_meta":{"origin":1277,"position":1},"title":"Premiados en el IES Mart\u00edn Rivero","author":"V\u00edctor Caballero","date":"27 septiembre, 2019","format":false,"excerpt":"Muy buenas, nos llegan dos magn\u00edficas noticias de premiados en el IES Mart\u00edn Rivero en distintos premios y cert\u00e1menes. Os dejamos con los enlaces a las noticias, y desde el CEP damos la enhorabuena al alumnado premiado. Fad y BBVA fallan los proyectos educativos ganadores del Premio a la Acci\u00f3n\u2026","rel":"","context":"En \u00abNoticias\u00bb","block_context":{"text":"Noticias","link":"https:\/\/cepronda.com\/blog\/category\/noticias\/"},"img":{"alt_text":"","src":"","width":0,"height":0},"classes":[]},{"id":6001,"url":"https:\/\/cepronda.com\/blog\/el-ies-gran-capitan-de-cordoba-y-martin-rivero-de-ronda-logran-el-primer-premio-ciccartuja-futuros-investigadores\/","url_meta":{"origin":1277,"position":2},"title":"El IES Gran Capit\u00e1n de C\u00f3rdoba y Mart\u00edn Rivero de Ronda, logran el primer Premio CicCartuja \u201cfuturos investigadores\u201d","author":"Inmaculada Garc\u00eda","date":"17 mayo, 2023","format":false,"excerpt":"Desde el CEP de Ronda queremos dar la enhorabuena al alumnado y al profesorado del I.E.S. MArt\u00edn Rivero (Ronda) por su premio. \u201cDocumentales y Youtube: En busca de ideas para nuevas investigaciones\u201d es el t\u00edtulo del trabajo realizado de manera simult\u00e1nea durante este curso escolar en los IES Gran Capit\u00e1n\u2026","rel":"","context":"En \u00abNoticias\u00bb","block_context":{"text":"Noticias","link":"https:\/\/cepronda.com\/blog\/category\/noticias\/"},"img":{"alt_text":"","src":"https:\/\/i0.wp.com\/cepronda.com\/blog\/wp-content\/uploads\/2023\/05\/Entrega-premio-total.jpg?fit=853%2C841&ssl=1&resize=350%2C200","width":350,"height":200,"srcset":"https:\/\/i0.wp.com\/cepronda.com\/blog\/wp-content\/uploads\/2023\/05\/Entrega-premio-total.jpg?fit=853%2C841&ssl=1&resize=350%2C200 1x, https:\/\/i0.wp.com\/cepronda.com\/blog\/wp-content\/uploads\/2023\/05\/Entrega-premio-total.jpg?fit=853%2C841&ssl=1&resize=525%2C300 1.5x, https:\/\/i0.wp.com\/cepronda.com\/blog\/wp-content\/uploads\/2023\/05\/Entrega-premio-total.jpg?fit=853%2C841&ssl=1&resize=700%2C400 2x"},"classes":[]},{"id":2791,"url":"https:\/\/cepronda.com\/blog\/informacion-sobre-la-participacion-de-alumnado-del-ies-martin-rivero-en-diversos-actos-cientificos\/","url_meta":{"origin":1277,"position":3},"title":"Informaci\u00f3n sobre la participaci\u00f3n de alumnado del IES Mart\u00edn Rivero en diversos actos cient\u00edficos","author":"V\u00edctor Caballero","date":"9 mayo, 2019","format":false,"excerpt":"Hola familia, queremos comunicaros que el alumnado del proyecto SCIENCE-IES\u00a0\u00a0ha tenido una participaci\u00f3n destacada en el congreso de C\u00f3rdoba (\u00a0https:\/\/www.eldiadecordoba.es\/cordoba\/Congreso-Proyectos-Science-IES-universidad-cordoba_0_1351365011.html) en el que el IES Mart\u00edn Rivero ha sido uno de los centros organizadores. 53 alumnos y alumnas han presentado m\u00e1s de 23 estudios diferentes, algunos de ellos tutorizados por\u2026","rel":"","context":"En \u00abNoticias\u00bb","block_context":{"text":"Noticias","link":"https:\/\/cepronda.com\/blog\/category\/noticias\/"},"img":{"alt_text":"","src":"https:\/\/i0.wp.com\/cepronda.com\/blog\/wp-content\/uploads\/2017\/05\/team-2044760_640.jpg?fit=640%2C479&ssl=1&resize=350%2C200","width":350,"height":200,"srcset":"https:\/\/i0.wp.com\/cepronda.com\/blog\/wp-content\/uploads\/2017\/05\/team-2044760_640.jpg?fit=640%2C479&ssl=1&resize=350%2C200 1x, https:\/\/i0.wp.com\/cepronda.com\/blog\/wp-content\/uploads\/2017\/05\/team-2044760_640.jpg?fit=640%2C479&ssl=1&resize=525%2C300 1.5x"},"classes":[]},{"id":1774,"url":"https:\/\/cepronda.com\/blog\/reconocimiento-y-premio-para-el-ies-martin-rivero\/","url_meta":{"origin":1277,"position":4},"title":"Reconocimiento y premio para el IES Mart\u00edn Rivero","author":"V\u00edctor Caballero","date":"7 mayo, 2018","format":false,"excerpt":"\u00a1Hola! Comenzamos la semana compartiendo y celebrando el premio que han recibido el alumnado y el profesorado del IES Mart\u00edn Rivero este fin de semana pasado en el marco de la Feria de las Ciencias de Sevilla. Desde el Centro de Profesorado nos sumamos a las felicitaciones y reconocimiento del\u2026","rel":"","context":"En \u00abNoticias\u00bb","block_context":{"text":"Noticias","link":"https:\/\/cepronda.com\/blog\/category\/noticias\/"},"img":{"alt_text":"","src":"https:\/\/i0.wp.com\/cepronda.com\/blog\/wp-content\/uploads\/2018\/05\/Foto-de-Helena-Gonzalez-9.jpg?fit=1200%2C900&ssl=1&resize=350%2C200","width":350,"height":200,"srcset":"https:\/\/i0.wp.com\/cepronda.com\/blog\/wp-content\/uploads\/2018\/05\/Foto-de-Helena-Gonzalez-9.jpg?fit=1200%2C900&ssl=1&resize=350%2C200 1x, https:\/\/i0.wp.com\/cepronda.com\/blog\/wp-content\/uploads\/2018\/05\/Foto-de-Helena-Gonzalez-9.jpg?fit=1200%2C900&ssl=1&resize=525%2C300 1.5x, https:\/\/i0.wp.com\/cepronda.com\/blog\/wp-content\/uploads\/2018\/05\/Foto-de-Helena-Gonzalez-9.jpg?fit=1200%2C900&ssl=1&resize=700%2C400 2x, https:\/\/i0.wp.com\/cepronda.com\/blog\/wp-content\/uploads\/2018\/05\/Foto-de-Helena-Gonzalez-9.jpg?fit=1200%2C900&ssl=1&resize=1050%2C600 3x"},"classes":[]},{"id":2861,"url":"https:\/\/cepronda.com\/blog\/tabla-periodica-humana-en-el-ies-martin-rivero\/","url_meta":{"origin":1277,"position":5},"title":"Tabla peri\u00f3dica humana en el IES Mart\u00edn Rivero","author":"V\u00edctor Caballero","date":"31 mayo, 2019","format":false,"excerpt":"Muy buenas familia, Como bien sab\u00e9is, Naciones Unidas ha proclamado 2019 como el a\u00f1o internacional de la tabla peri\u00f3dica de los elementos qu\u00edmicos, que coincide con el 150 aniversario del descubrimiento del Sistema peri\u00f3dico por Dmitry Mendel\u00e9iev. En este sentido sabemos que muchos de vuestros centros est\u00e1is realizando diferentes actividades\u2026","rel":"","context":"En \u00abNoticias\u00bb","block_context":{"text":"Noticias","link":"https:\/\/cepronda.com\/blog\/category\/noticias\/"},"img":{"alt_text":"","src":"https:\/\/i0.wp.com\/cepronda.com\/blog\/wp-content\/uploads\/2019\/05\/tabla-peri%C3%B3dica-Mart%C3%ADn-Rivero.jpeg?fit=1200%2C800&ssl=1&resize=350%2C200","width":350,"height":200,"srcset":"https:\/\/i0.wp.com\/cepronda.com\/blog\/wp-content\/uploads\/2019\/05\/tabla-peri%C3%B3dica-Mart%C3%ADn-Rivero.jpeg?fit=1200%2C800&ssl=1&resize=350%2C200 1x, https:\/\/i0.wp.com\/cepronda.com\/blog\/wp-content\/uploads\/2019\/05\/tabla-peri%C3%B3dica-Mart%C3%ADn-Rivero.jpeg?fit=1200%2C800&ssl=1&resize=525%2C300 1.5x, https:\/\/i0.wp.com\/cepronda.com\/blog\/wp-content\/uploads\/2019\/05\/tabla-peri%C3%B3dica-Mart%C3%ADn-Rivero.jpeg?fit=1200%2C800&ssl=1&resize=700%2C400 2x, https:\/\/i0.wp.com\/cepronda.com\/blog\/wp-content\/uploads\/2019\/05\/tabla-peri%C3%B3dica-Mart%C3%ADn-Rivero.jpeg?fit=1200%2C800&ssl=1&resize=1050%2C600 3x"},"classes":[]}],"jetpack_sharing_enabled":true,"_links":{"self":[{"href":"https:\/\/cepronda.com\/blog\/wp-json\/wp\/v2\/posts\/1277","targetHints":{"allow":["GET"]}}],"collection":[{"href":"https:\/\/cepronda.com\/blog\/wp-json\/wp\/v2\/posts"}],"about":[{"href":"https:\/\/cepronda.com\/blog\/wp-json\/wp\/v2\/types\/post"}],"author":[{"embeddable":true,"href":"https:\/\/cepronda.com\/blog\/wp-json\/wp\/v2\/users\/3"}],"replies":[{"embeddable":true,"href":"https:\/\/cepronda.com\/blog\/wp-json\/wp\/v2\/comments?post=1277"}],"version-history":[{"count":1,"href":"https:\/\/cepronda.com\/blog\/wp-json\/wp\/v2\/posts\/1277\/revisions"}],"predecessor-version":[{"id":1279,"href":"https:\/\/cepronda.com\/blog\/wp-json\/wp\/v2\/posts\/1277\/revisions\/1279"}],"wp:featuredmedia":[{"embeddable":true,"href":"https:\/\/cepronda.com\/blog\/wp-json\/wp\/v2\/media\/1278"}],"wp:attachment":[{"href":"https:\/\/cepronda.com\/blog\/wp-json\/wp\/v2\/media?parent=1277"}],"wp:term":[{"taxonomy":"category","embeddable":true,"href":"https:\/\/cepronda.com\/blog\/wp-json\/wp\/v2\/categories?post=1277"},{"taxonomy":"post_tag","embeddable":true,"href":"https:\/\/cepronda.com\/blog\/wp-json\/wp\/v2\/tags?post=1277"}],"curies":[{"name":"wp","href":"https:\/\/api.w.org\/{rel}","templated":true}]}}