{"id":1271,"date":"2017-09-18T19:32:06","date_gmt":"2017-09-18T17:32:06","guid":{"rendered":"http:\/\/cepronda.com\/blog\/?p=1271"},"modified":"2017-09-18T19:32:06","modified_gmt":"2017-09-18T17:32:06","slug":"desarrollo-de-las-lineas-estrategicas-de-formacion-del-profesorado","status":"publish","type":"post","link":"https:\/\/cepronda.com\/blog\/desarrollo-de-las-lineas-estrategicas-de-formacion-del-profesorado\/","title":{"rendered":"Desarrollo de las l\u00edneas estrat\u00e9gicas de formaci\u00f3n del profesorado"},"content":{"rendered":"<p>Muy buenas de nuevo,<\/p>\n<p>Pasamos a compartir con todas y todos vosotros la&nbsp;<span style=\"font-weight: 400;\">Resoluci\u00f3n de 12 de septiembre de 2017 de la Direcci\u00f3n General del Profesorado y Gesti\u00f3n de Recursos Humanos por la que se determina el desarrollo de las l\u00edneas estrat\u00e9gicas de formaci\u00f3n del profesorado establecidas en el lll Plan Andaluz de Formaci\u00f3n Permanente del Profesorado y la elaboraci\u00f3n de los proyectos de formaci\u00f3n para el curso 2017\/18. Si hac\u00e9is clic en el enlace de m\u00e1s abajo podr\u00e9is leer la misma y as\u00ed tener una idea general de cu\u00e1les ser\u00e1n las l\u00edneas estrat\u00e9gicas que seguiremos los centros del profesorado.<\/span><\/p>\n<h2><strong><a href=\"http:\/\/cepronda.com\/blog\/wp-content\/uploads\/2017\/09\/18_N-LineasEstrategicasIIIPlanFormacion.pdf\" target=\"_blank\" rel=\"noopener\">L\u00edneas Estrat\u00e9gicas III Plan Formacion<\/a><\/strong><\/h2>\n","protected":false},"excerpt":{"rendered":"<p>Muy buenas de nuevo, Pasamos a compartir con todas y todos vosotros la&nbsp;Resoluci\u00f3n de 12 de septiembre de 2017 de la Direcci\u00f3n General del Profesorado y Gesti\u00f3n de Recursos Humanos por la que se determina el desarrollo de las l\u00edneas estrat\u00e9gicas de formaci\u00f3n del profesorado establecidas en el lll Plan Andaluz de Formaci\u00f3n Permanente del [&hellip;]<\/p>\n","protected":false},"author":3,"featured_media":848,"comment_status":"open","ping_status":"open","sticky":false,"template":"","format":"standard","meta":{"_crdt_document":"","advanced_seo_description":"","jetpack_seo_html_title":"","jetpack_seo_noindex":false,"jetpack_post_was_ever_published":false,"_jetpack_newsletter_access":"","_jetpack_dont_email_post_to_subs":false,"_jetpack_newsletter_tier_id":0,"_jetpack_memberships_contains_paywalled_content":false,"_jetpack_memberships_contains_paid_content":false,"footnotes":"","jetpack_publicize_message":"","jetpack_publicize_feature_enabled":true,"jetpack_social_post_already_shared":true,"jetpack_social_options":{"image_generator_settings":{"template":"highway","default_image_id":0,"font":"","enabled":false},"version":2}},"categories":[5],"tags":[54],"class_list":{"0":"post-1271","1":"post","2":"type-post","3":"status-publish","4":"format-standard","5":"has-post-thumbnail","7":"category-noticias","8":"tag-normativa","9":"czr-hentry"},"jetpack_publicize_connections":[],"jetpack_featured_media_url":"https:\/\/i0.wp.com\/cepronda.com\/blog\/wp-content\/uploads\/2017\/05\/logo_ja_ce_mejor.jpg?fit=732%2C600&ssl=1","jetpack_shortlink":"https:\/\/wp.me\/p8M4X7-kv","jetpack-related-posts":[{"id":5024,"url":"https:\/\/cepronda.com\/blog\/estancias-formativas-en-empresas-para-el-profesorado-de-formacion-profesional\/","url_meta":{"origin":1271,"position":0},"title":"ESTANCIAS FORMATIVAS EN EMPRESAS\u00a0PARA EL PROFESORADO DE FORMACI\u00d3N PROFESIONAL","author":"Maribel Mu\u00f1oz","date":"25 enero, 2022","format":false,"excerpt":"Buenos d\u00edas compa\u00f1eras y compa\u00f1eros Os informamos que se ha publicado la RESOLUCI\u00d3N DE 24 DE ENERO DE 2022, DE LA DIRECCI\u00d3N GENERAL DE FORMACI\u00d3N PROFESIONAL, POR LA QUE SE CONVOCAN\u00a0ESTANCIAS FORMATIVAS EN EMPRESAS\u00a0PARA EL PROFESORADO DE FORMACI\u00d3N PROFESIONAL, DESTINADOS A ACTUALIZAR SU FORMACI\u00d3N Y REFORZAR SUS COMPETENCIAS PROFESIONALES EN\u2026","rel":"","context":"En \u00abFormaciones\u00bb","block_context":{"text":"Formaciones","link":"https:\/\/cepronda.com\/blog\/category\/formaciones\/"},"img":{"alt_text":"","src":"https:\/\/i0.wp.com\/cepronda.com\/blog\/wp-content\/uploads\/2020\/03\/S%C2%B0mbolo-gen%C3%87rico-RRSS-redondo-negativo.png?fit=1200%2C1200&ssl=1&resize=350%2C200","width":350,"height":200,"srcset":"https:\/\/i0.wp.com\/cepronda.com\/blog\/wp-content\/uploads\/2020\/03\/S%C2%B0mbolo-gen%C3%87rico-RRSS-redondo-negativo.png?fit=1200%2C1200&ssl=1&resize=350%2C200 1x, https:\/\/i0.wp.com\/cepronda.com\/blog\/wp-content\/uploads\/2020\/03\/S%C2%B0mbolo-gen%C3%87rico-RRSS-redondo-negativo.png?fit=1200%2C1200&ssl=1&resize=525%2C300 1.5x, https:\/\/i0.wp.com\/cepronda.com\/blog\/wp-content\/uploads\/2020\/03\/S%C2%B0mbolo-gen%C3%87rico-RRSS-redondo-negativo.png?fit=1200%2C1200&ssl=1&resize=700%2C400 2x, https:\/\/i0.wp.com\/cepronda.com\/blog\/wp-content\/uploads\/2020\/03\/S%C2%B0mbolo-gen%C3%87rico-RRSS-redondo-negativo.png?fit=1200%2C1200&ssl=1&resize=1050%2C600 3x"},"classes":[]},{"id":4136,"url":"https:\/\/cepronda.com\/blog\/formacion-introduccion-al-metodo-adapt-para-el-profesorado-de-danza\/","url_meta":{"origin":1271,"position":1},"title":"Formaci\u00f3n: INTRODUCCI\u00d3N AL M\u00c9TODO ADAPT PARA EL PROFESORADO DE DANZA","author":"Maribel Mu\u00f1oz","date":"1 febrero, 2021","format":false,"excerpt":"Buenas tardes compa\u00f1eras y compa\u00f1eros, Os informamos que est\u00e1 abierto el plazo de inscripci\u00f3n de la formaci\u00f3n regional \"INTRODUCCI\u00d3N AL M\u00c9TODO ADAPT PARA EL PROFESORADO DE DANZA\" con c\u00f3digo 211104FEDAP026 dirigida al profesorado de Danza de Conservatorio. El plazo de inscripci\u00f3n finaliza el 22 de febrero. Adjuntamos enlace : https:\/\/www.juntadeandalucia.es\/educacion\/secretariavirtual\/consultaCEP\/actividad\/211104FEDAP026\/\u2026","rel":"","context":"En \u00abFormaciones\u00bb","block_context":{"text":"Formaciones","link":"https:\/\/cepronda.com\/blog\/category\/formaciones\/"},"img":{"alt_text":"","src":"https:\/\/i0.wp.com\/cepronda.com\/blog\/wp-content\/uploads\/2021\/02\/Cartel-formacion-de-danza.jpg?fit=683%2C955&ssl=1&resize=350%2C200","width":350,"height":200,"srcset":"https:\/\/i0.wp.com\/cepronda.com\/blog\/wp-content\/uploads\/2021\/02\/Cartel-formacion-de-danza.jpg?fit=683%2C955&ssl=1&resize=350%2C200 1x, https:\/\/i0.wp.com\/cepronda.com\/blog\/wp-content\/uploads\/2021\/02\/Cartel-formacion-de-danza.jpg?fit=683%2C955&ssl=1&resize=525%2C300 1.5x"},"classes":[]},{"id":5965,"url":"https:\/\/cepronda.com\/blog\/convocatoria-para-la-provision-de-plazas-vacantes-asesorias-en-centros-del-profesorado-2\/","url_meta":{"origin":1271,"position":2},"title":"CONVOCATORIA PARA LA PROVISI\u00d3N DE PLAZAS VACANTES ASESOR\u00cdAS EN CENTROS DEL PROFESORADO.","author":"Inmaculada Garc\u00eda","date":"10 mayo, 2023","format":false,"excerpt":"Se ha publicado la Resoluci\u00f3n de 3 de mayo de 2023, de la Direcci\u00f3n General de Tecnolog\u00edas Avanzadas y Transformaci\u00f3n Educativa, por la que se efect\u00faa convocatoria para la provisi\u00f3n de plazas vacantes de asesores y asesoras en Centros del Profesorado dependientes de la Consejer\u00eda de Desarrollo Educativo y Formaci\u00f3n\u2026","rel":"","context":"En \u00abFormaciones\u00bb","block_context":{"text":"Formaciones","link":"https:\/\/cepronda.com\/blog\/category\/formaciones\/"},"img":{"alt_text":"","src":"https:\/\/i0.wp.com\/cepronda.com\/blog\/wp-content\/uploads\/2023\/05\/Copia-de-Copia-de-ESTANCIAS-FORMATIVAS-EN-EMPRESAS-PARA-EL-PROFESORADO-DE-FORMACION-PROFESIONAL.jpg?fit=1080%2C1080&ssl=1&resize=350%2C200","width":350,"height":200,"srcset":"https:\/\/i0.wp.com\/cepronda.com\/blog\/wp-content\/uploads\/2023\/05\/Copia-de-Copia-de-ESTANCIAS-FORMATIVAS-EN-EMPRESAS-PARA-EL-PROFESORADO-DE-FORMACION-PROFESIONAL.jpg?fit=1080%2C1080&ssl=1&resize=350%2C200 1x, https:\/\/i0.wp.com\/cepronda.com\/blog\/wp-content\/uploads\/2023\/05\/Copia-de-Copia-de-ESTANCIAS-FORMATIVAS-EN-EMPRESAS-PARA-EL-PROFESORADO-DE-FORMACION-PROFESIONAL.jpg?fit=1080%2C1080&ssl=1&resize=525%2C300 1.5x, https:\/\/i0.wp.com\/cepronda.com\/blog\/wp-content\/uploads\/2023\/05\/Copia-de-Copia-de-ESTANCIAS-FORMATIVAS-EN-EMPRESAS-PARA-EL-PROFESORADO-DE-FORMACION-PROFESIONAL.jpg?fit=1080%2C1080&ssl=1&resize=700%2C400 2x, https:\/\/i0.wp.com\/cepronda.com\/blog\/wp-content\/uploads\/2023\/05\/Copia-de-Copia-de-ESTANCIAS-FORMATIVAS-EN-EMPRESAS-PARA-EL-PROFESORADO-DE-FORMACION-PROFESIONAL.jpg?fit=1080%2C1080&ssl=1&resize=1050%2C600 3x"},"classes":[]},{"id":7621,"url":"https:\/\/cepronda.com\/blog\/convocatoria-para-la-provision-de-plazas-vacantes-asesorias-en-centros-del-profesorado-3\/","url_meta":{"origin":1271,"position":3},"title":"CONVOCATORIA PARA LA PROVISI\u00d3N DE PLAZAS VACANTES ASESOR\u00cdAS EN CENTROS DEL PROFESORADO.","author":"Inmaculada Garc\u00eda","date":"13 mayo, 2024","format":false,"excerpt":"Se ha publicado la Resoluci\u00f3n de 6 de mayo de 2024, de la Direcci\u00f3n General de Tecnolog\u00edas Avanzadas y Transformaci\u00f3n Educativa, por la que se efect\u00faa convocatoria para la provisi\u00f3n de plazas vacantes de asesores y asesoras en Centros del Profesorado dependientes de la Consejer\u00eda de Desarrollo Educativo y Formaci\u00f3n\u2026","rel":"","context":"En \u00abFormaciones\u00bb","block_context":{"text":"Formaciones","link":"https:\/\/cepronda.com\/blog\/category\/formaciones\/"},"img":{"alt_text":"","src":"https:\/\/i0.wp.com\/cepronda.com\/blog\/wp-content\/uploads\/2024\/05\/Post-de-Instagram-para-rebajas-y-ofertas-tiendas-azul-y-terracota-1.jpg?fit=1200%2C1200&ssl=1&resize=350%2C200","width":350,"height":200,"srcset":"https:\/\/i0.wp.com\/cepronda.com\/blog\/wp-content\/uploads\/2024\/05\/Post-de-Instagram-para-rebajas-y-ofertas-tiendas-azul-y-terracota-1.jpg?fit=1200%2C1200&ssl=1&resize=350%2C200 1x, https:\/\/i0.wp.com\/cepronda.com\/blog\/wp-content\/uploads\/2024\/05\/Post-de-Instagram-para-rebajas-y-ofertas-tiendas-azul-y-terracota-1.jpg?fit=1200%2C1200&ssl=1&resize=525%2C300 1.5x, https:\/\/i0.wp.com\/cepronda.com\/blog\/wp-content\/uploads\/2024\/05\/Post-de-Instagram-para-rebajas-y-ofertas-tiendas-azul-y-terracota-1.jpg?fit=1200%2C1200&ssl=1&resize=700%2C400 2x, https:\/\/i0.wp.com\/cepronda.com\/blog\/wp-content\/uploads\/2024\/05\/Post-de-Instagram-para-rebajas-y-ofertas-tiendas-azul-y-terracota-1.jpg?fit=1200%2C1200&ssl=1&resize=1050%2C600 3x"},"classes":[]},{"id":5325,"url":"https:\/\/cepronda.com\/blog\/convocatoria-para-la-provision-de-plazas-vacantes-asesorias-en-centros-del-profesorado\/","url_meta":{"origin":1271,"position":4},"title":"CONVOCATORIA PARA LA PROVISI\u00d3N DE PLAZAS VACANTES ASESOR\u00cdAS EN CENTROS DEL PROFESORADO.","author":"Inmaculada Garc\u00eda","date":"10 mayo, 2022","format":false,"excerpt":"Se ha publicado la Resoluci\u00f3n de 26 de abril de 2022, de la Direcci\u00f3n General de Formaci\u00f3n del Profesorado e Innovaci\u00f3n Educativa, por la que se efect\u00faa convocatoria para la provisi\u00f3n de plazas vacantes de asesores y asesoras en Centros del Profesorado dependientes de la Consejer\u00eda de Educaci\u00f3n y Deporte.\u2026","rel":"","context":"En \u00abFormaciones\u00bb","block_context":{"text":"Formaciones","link":"https:\/\/cepronda.com\/blog\/category\/formaciones\/"},"img":{"alt_text":"","src":"https:\/\/i0.wp.com\/cepronda.com\/blog\/wp-content\/uploads\/2022\/05\/Copia-de-ESTANCIAS-FORMATIVAS-EN-EMPRESAS-PARA-EL-PROFESORADO-DE-FORMACION-PROFESIONAL-9.png?fit=1080%2C1080&ssl=1&resize=350%2C200","width":350,"height":200,"srcset":"https:\/\/i0.wp.com\/cepronda.com\/blog\/wp-content\/uploads\/2022\/05\/Copia-de-ESTANCIAS-FORMATIVAS-EN-EMPRESAS-PARA-EL-PROFESORADO-DE-FORMACION-PROFESIONAL-9.png?fit=1080%2C1080&ssl=1&resize=350%2C200 1x, https:\/\/i0.wp.com\/cepronda.com\/blog\/wp-content\/uploads\/2022\/05\/Copia-de-ESTANCIAS-FORMATIVAS-EN-EMPRESAS-PARA-EL-PROFESORADO-DE-FORMACION-PROFESIONAL-9.png?fit=1080%2C1080&ssl=1&resize=525%2C300 1.5x, https:\/\/i0.wp.com\/cepronda.com\/blog\/wp-content\/uploads\/2022\/05\/Copia-de-ESTANCIAS-FORMATIVAS-EN-EMPRESAS-PARA-EL-PROFESORADO-DE-FORMACION-PROFESIONAL-9.png?fit=1080%2C1080&ssl=1&resize=700%2C400 2x, https:\/\/i0.wp.com\/cepronda.com\/blog\/wp-content\/uploads\/2022\/05\/Copia-de-ESTANCIAS-FORMATIVAS-EN-EMPRESAS-PARA-EL-PROFESORADO-DE-FORMACION-PROFESIONAL-9.png?fit=1080%2C1080&ssl=1&resize=1050%2C600 3x"},"classes":[]},{"id":1432,"url":"https:\/\/cepronda.com\/blog\/formularios-v-certamen-de-teatro-ciudad-de-ronda\/","url_meta":{"origin":1271,"position":5},"title":"FORMULARIOS V CERTAMEN DE TEATRO \u00abCIUDAD DE RONDA\u00bb","author":"V\u00edctor Caballero","date":"30 noviembre, 2017","format":false,"excerpt":"\u00a1\u00a1Saludos teatrales compa\u00f1eros\/as!!: Aqu\u00ed os dejamos los enlaces para participar como grupo teatral en el V CERTAMEN DE TEATRO \"CIUDAD DE RONDA\" as\u00ed como al CURSO DE FORMACI\u00d3N para el profesorado paralelo al certamen. Dicha formaci\u00f3n tiene como t\u00edtulo: INTERPRETACI\u00d3N TEATRAL PARA EL PROFESORADO con una duraci\u00f3n de 12 horas\u2026","rel":"","context":"En \u00abFormaciones\u00bb","block_context":{"text":"Formaciones","link":"https:\/\/cepronda.com\/blog\/category\/formaciones\/"},"img":{"alt_text":"","src":"https:\/\/i0.wp.com\/cepronda.com\/blog\/wp-content\/uploads\/2017\/11\/mask-1636121_960_720-300x199.jpg?resize=350%2C200","width":350,"height":200},"classes":[]}],"jetpack_sharing_enabled":true,"_links":{"self":[{"href":"https:\/\/cepronda.com\/blog\/wp-json\/wp\/v2\/posts\/1271","targetHints":{"allow":["GET"]}}],"collection":[{"href":"https:\/\/cepronda.com\/blog\/wp-json\/wp\/v2\/posts"}],"about":[{"href":"https:\/\/cepronda.com\/blog\/wp-json\/wp\/v2\/types\/post"}],"author":[{"embeddable":true,"href":"https:\/\/cepronda.com\/blog\/wp-json\/wp\/v2\/users\/3"}],"replies":[{"embeddable":true,"href":"https:\/\/cepronda.com\/blog\/wp-json\/wp\/v2\/comments?post=1271"}],"version-history":[{"count":1,"href":"https:\/\/cepronda.com\/blog\/wp-json\/wp\/v2\/posts\/1271\/revisions"}],"predecessor-version":[{"id":1273,"href":"https:\/\/cepronda.com\/blog\/wp-json\/wp\/v2\/posts\/1271\/revisions\/1273"}],"wp:featuredmedia":[{"embeddable":true,"href":"https:\/\/cepronda.com\/blog\/wp-json\/wp\/v2\/media\/848"}],"wp:attachment":[{"href":"https:\/\/cepronda.com\/blog\/wp-json\/wp\/v2\/media?parent=1271"}],"wp:term":[{"taxonomy":"category","embeddable":true,"href":"https:\/\/cepronda.com\/blog\/wp-json\/wp\/v2\/categories?post=1271"},{"taxonomy":"post_tag","embeddable":true,"href":"https:\/\/cepronda.com\/blog\/wp-json\/wp\/v2\/tags?post=1271"}],"curies":[{"name":"wp","href":"https:\/\/api.w.org\/{rel}","templated":true}]}}