{"id":125,"date":"2016-09-22T12:04:47","date_gmt":"2016-09-22T10:04:47","guid":{"rendered":"http:\/\/cepronda.com\/blog\/?p=125"},"modified":"2025-04-25T12:08:13","modified_gmt":"2025-04-25T10:08:13","slug":"inscripcion-vii-concurso-buenas-practicas-educativas","status":"publish","type":"post","link":"https:\/\/cepronda.com\/blog\/inscripcion-vii-concurso-buenas-practicas-educativas\/","title":{"rendered":"Inscripci\u00f3n VII Concurso Buenas Pr\u00e1cticas Educativas"},"content":{"rendered":"<p>Queremos compartir con todo el profesorado este concurso de Buenas Pr\u00e1cticas Educativas.<\/p>\n<p>La Asociaci\u00f3n Mejora tu Escuela P\u00fablica convoca la s\u00e9ptima edici\u00f3n de su concurso de Buenas Pr\u00e1cticas Educativas, en el que podr\u00e1n participar las experiencias educativas llevadas a cabo durante el curso 2015\/2016 en centros p\u00fablicos del Estado Espa\u00f1ol.<\/p>\n<p>Podr\u00e1n participar los Profesores\/as a nivel personal o colectivo, Equipos Directivos, de Orientaci\u00f3n y las AMPAS de centros p\u00fablicos.<\/p>\n<p>El plazo de la inscripci\u00f3n\u00a0 finaliza el 15 de noviembre de 2016.<\/p>\n<p>La inscripci\u00f3n en el concurso se realiza cumplimentando el formulario que se encuentra en la p\u00e1gina web: <a href=\"http:\/\/www.mejoratuescuelapublica.es\/buenas-practicas\/buenas-practicas-mep\/inscripcion-concurso-de-buenas-practicas-educativas-2016.html\" target=\"_blank\">INSCRIPCI\u00d3N AL CONCURSO<\/a><\/p>\n<p><a href=\"http:\/\/www.mejoratuescuelapublica.es\/buenas-practicas\/buenas-practicas-mep\/inscripcion-concurso-de-buenas-practicas-educativas-2016.html\" target=\"_blank\"><img data-recalc-dims=\"1\" loading=\"lazy\" decoding=\"async\" class=\"size-full wp-image-126 aligncenter\" src=\"https:\/\/i0.wp.com\/cepronda.com\/blog\/wp-content\/uploads\/2016\/09\/logoMEP.png?resize=241%2C90\" alt=\"logomep\" width=\"241\" height=\"90\" \/><\/a><\/p>\n<p><span style=\"border-radius: 2px; text-indent: 20px; width: auto; padding: 0px 4px 0px 0px; text-align: center; font: bold 11px\/20px 'Helvetica Neue',Helvetica,sans-serif; color: #ffffff; background: #bd081c no-repeat scroll 3px 50% \/ 14px 14px; position: absolute; opacity: 1; z-index: 8675309; display: none; cursor: pointer;\">Guardar<\/span><\/p>\n<p><span style=\"border-radius: 2px; text-indent: 20px; width: auto; padding: 0px 4px 0px 0px; text-align: center; font: bold 11px\/20px 'Helvetica Neue',Helvetica,sans-serif; color: #ffffff; background: #bd081c no-repeat scroll 3px 50% \/ 14px 14px; position: absolute; opacity: 1; z-index: 8675309; display: none; cursor: pointer;\">Guardar<\/span><\/p>\n","protected":false},"excerpt":{"rendered":"<p>Queremos compartir con todo el profesorado este concurso de Buenas Pr\u00e1cticas Educativas. La Asociaci\u00f3n Mejora tu Escuela P\u00fablica convoca la s\u00e9ptima edici\u00f3n de su concurso de Buenas Pr\u00e1cticas Educativas, en el que podr\u00e1n participar las experiencias educativas llevadas a cabo durante el curso 2015\/2016 en centros p\u00fablicos del Estado Espa\u00f1ol. Podr\u00e1n participar los Profesores\/as a [&hellip;]<\/p>\n","protected":false},"author":3,"featured_media":126,"comment_status":"open","ping_status":"open","sticky":false,"template":"","format":"standard","meta":{"_crdt_document":"","advanced_seo_description":"","jetpack_seo_html_title":"","jetpack_seo_noindex":false,"jetpack_post_was_ever_published":false,"_jetpack_newsletter_access":"","_jetpack_dont_email_post_to_subs":false,"_jetpack_newsletter_tier_id":0,"_jetpack_memberships_contains_paywalled_content":false,"_jetpack_memberships_contains_paid_content":false,"footnotes":"","jetpack_publicize_message":"","jetpack_publicize_feature_enabled":true,"jetpack_social_post_already_shared":false,"jetpack_social_options":{"image_generator_settings":{"template":"highway","default_image_id":0,"font":"","enabled":false},"version":2}},"categories":[5],"tags":[13,231,122],"class_list":{"0":"post-125","1":"post","2":"type-post","3":"status-publish","4":"format-standard","5":"has-post-thumbnail","7":"category-noticias","8":"tag-buenas-practicas","9":"tag-certamen","10":"tag-concurso","11":"czr-hentry"},"jetpack_publicize_connections":[],"jetpack_featured_media_url":"","jetpack_shortlink":"https:\/\/wp.me\/p8M4X7-21","jetpack-related-posts":[{"id":3279,"url":"https:\/\/cepronda.com\/blog\/x-concurso-de-buenas-practicas-educativas-de-la-asociacion-mejora-tu-escuela-publica\/","url_meta":{"origin":125,"position":0},"title":"X concurso de Buenas Pr\u00e1cticas Educativas de la Asociaci\u00f3n &quot;Mejora tu Escuela P\u00fablica&quot;","author":"V\u00edctor Caballero","date":"7 enero, 2020","format":false,"excerpt":"La Asociaci\u00f3n Mejora tu Escuela P\u00fablica convoca la d\u00e9cima edici\u00f3n de su Concurso Nacional de Buenas Pr\u00e1cticas Educativas, en el que podr\u00e1n participar las experiencias educativas llevadas a cabo durante el curso 2018\/19 y\/o 2019\/2020 en centros p\u00fablicos del Estado Espa\u00f1ol. Podr\u00e1n participar los Profesores a nivel personal o colectivo,\u2026","rel":"","context":"En \u00abNoticias\u00bb","block_context":{"text":"Noticias","link":"https:\/\/cepronda.com\/blog\/category\/noticias\/"},"img":{"alt_text":"","src":"https:\/\/i0.wp.com\/cepronda.com\/blog\/wp-content\/uploads\/2019\/05\/logo-nuevo.jpg?fit=531%2C342&ssl=1&resize=350%2C200","width":350,"height":200,"srcset":"https:\/\/i0.wp.com\/cepronda.com\/blog\/wp-content\/uploads\/2019\/05\/logo-nuevo.jpg?fit=531%2C342&ssl=1&resize=350%2C200 1x, https:\/\/i0.wp.com\/cepronda.com\/blog\/wp-content\/uploads\/2019\/05\/logo-nuevo.jpg?fit=531%2C342&ssl=1&resize=525%2C300 1.5x"},"classes":[]},{"id":2302,"url":"https:\/\/cepronda.com\/blog\/concurso-nacional-de-buenas-practicas\/","url_meta":{"origin":125,"position":1},"title":"Concurso nacional de Buenas Pr\u00e1cticas","author":"V\u00edctor Caballero","date":"11 septiembre, 2018","format":false,"excerpt":"\u00bfQu\u00e9 tal? Para todos aquellos centros que est\u00e9is interesados en presentar alguna de vuestra buena pr\u00e1ctica sabed que desde el Ministerio de Educaci\u00f3n han convocado un concurso nacional. Os dejamos con el enlace al extracto de las instrucciones, para que as\u00ed lo pod\u00e1is consultar. El plazo es hasta el 30\u2026","rel":"","context":"En \u00abFormaciones\u00bb","block_context":{"text":"Formaciones","link":"https:\/\/cepronda.com\/blog\/category\/formaciones\/"},"img":{"alt_text":"","src":"https:\/\/i0.wp.com\/cepronda.com\/blog\/wp-content\/uploads\/2018\/09\/escudo-mefp-mcd.gif?resize=350%2C200","width":350,"height":200},"classes":[]},{"id":3353,"url":"https:\/\/cepronda.com\/blog\/xxix-concurso-patrimonio-nacional-de-pintura-infantil-y-juvenil-curso-2019-2020\/","url_meta":{"origin":125,"position":2},"title":"XXIX Concurso Patrimonio Nacional de Pintura Infantil y Juvenil, curso 2019-2020","author":"V\u00edctor Caballero","date":"20 enero, 2020","format":false,"excerpt":"Patrimonio Nacional convoca el XXIX Concurso de Pintura Infantil y Juvenil para Centros Escolares. El prop\u00f3sito de este concurso es divulgar, entre los ni\u00f1os, ni\u00f1as y j\u00f3venes, los monumentos, palacios y monasterios reales que integran Patrimonio Nacional, a trav\u00e9s de su expresi\u00f3n pl\u00e1stica. El concurso tiene dos categor\u00edas: A) Alumnado\u2026","rel":"","context":"En \u00abNoticias\u00bb","block_context":{"text":"Noticias","link":"https:\/\/cepronda.com\/blog\/category\/noticias\/"},"img":{"alt_text":"","src":"","width":0,"height":0},"classes":[]},{"id":3355,"url":"https:\/\/cepronda.com\/blog\/abierto-el-plazo-de-inscripcion-i-congreso-de-buenas-practicas-en-educacion-infantil\/","url_meta":{"origin":125,"position":3},"title":"Abierto el plazo de inscripci\u00f3n I Congreso de Buenas Pr\u00e1cticas en Educaci\u00f3n Infantil","author":"V\u00edctor Caballero","date":"21 enero, 2020","format":false,"excerpt":"Muy buenas familia de Infantil, Hoy se abre el plazo de inscripci\u00f3n en el I Congreso de Buenas Pr\u00e1cticas de Educaci\u00f3n Infantil desde el CEP de M\u00e1laga en colaboraci\u00f3n con la UMA, se est\u00e1 organizando el\u00a0I Congreso de Buenas pr\u00e1cticas en Educaci\u00f3n Infantil,\u00a0que tendr\u00e1 lugar los pr\u00f3ximos\u00a023, 24 y 25\u2026","rel":"","context":"En \u00abNoticias\u00bb","block_context":{"text":"Noticias","link":"https:\/\/cepronda.com\/blog\/category\/noticias\/"},"img":{"alt_text":"","src":"https:\/\/i0.wp.com\/cepronda.com\/blog\/wp-content\/uploads\/2020\/01\/cropped-logo_HUM205-1.jpg?resize=350%2C200","width":350,"height":200},"classes":[]},{"id":4510,"url":"https:\/\/cepronda.com\/blog\/i-congreso-de-ajedrez-y-buenas-practicas-educativas\/","url_meta":{"origin":125,"position":4},"title":"I CONGRESO DE AJEDREZ Y BUENAS PR\u00c1CTICAS EDUCATIVAS","author":"Maribel Mu\u00f1oz","date":"4 mayo, 2021","format":false,"excerpt":"Estimados\/as compa\u00f1eros\/as, Os informamos que est\u00e1 abierta la convocatoria para el \"I CONGRESO DE AJEDREZ Y BUENAS PR\u00c1CTICAS EDUCATIVAS\" que se realizar\u00e1 los d\u00edas 20, 25 y 27 de mayo. Ser\u00e1 un congreso con ponentes de repercusi\u00f3n internacional con un formato din\u00e1mico, como pod\u00e9is ver en el siguiente \"teaser trailer\":\u2026","rel":"","context":"En \u00abFormaciones\u00bb","block_context":{"text":"Formaciones","link":"https:\/\/cepronda.com\/blog\/category\/formaciones\/"},"img":{"alt_text":"","src":"https:\/\/i0.wp.com\/cepronda.com\/blog\/wp-content\/uploads\/2021\/05\/chess-316657_1280.jpg?fit=1200%2C794&ssl=1&resize=350%2C200","width":350,"height":200,"srcset":"https:\/\/i0.wp.com\/cepronda.com\/blog\/wp-content\/uploads\/2021\/05\/chess-316657_1280.jpg?fit=1200%2C794&ssl=1&resize=350%2C200 1x, https:\/\/i0.wp.com\/cepronda.com\/blog\/wp-content\/uploads\/2021\/05\/chess-316657_1280.jpg?fit=1200%2C794&ssl=1&resize=525%2C300 1.5x, https:\/\/i0.wp.com\/cepronda.com\/blog\/wp-content\/uploads\/2021\/05\/chess-316657_1280.jpg?fit=1200%2C794&ssl=1&resize=700%2C400 2x, https:\/\/i0.wp.com\/cepronda.com\/blog\/wp-content\/uploads\/2021\/05\/chess-316657_1280.jpg?fit=1200%2C794&ssl=1&resize=1050%2C600 3x"},"classes":[]},{"id":7507,"url":"https:\/\/cepronda.com\/blog\/jornadas-provinciales-de-difusion-y-buenas-practicas-de-centros-de-comunidades-de-aprendizaje\/","url_meta":{"origin":125,"position":5},"title":"JORNADAS PROVINCIALES DE DIFUSI\u00d3N Y BUENAS PR\u00c1CTICAS DE CENTROS DE COMUNIDADES DE APRENDIZAJE","author":"Mamen Moreno","date":"15 marzo, 2024","format":false,"excerpt":"Abierto el plazo de inscripci\u00f3n hasta el 10 de abril para la actividad formativa provincial: \"JORNADAS PROVINCIALES DE DIFUSI\u00d3N Y BUENAS PR\u00c1CTICAS DE CENTROS DE COMUNIDADES DE APRENDIZAJE\" con c\u00f3digo 242926GE515. Organizan los CEPs de la provincia de M\u00e1laga y se desarrollar\u00e1 en las Escuelas de Ingenier\u00edas Industriales de M\u00e1laga\u2026","rel":"","context":"En \u00abNoticias\u00bb","block_context":{"text":"Noticias","link":"https:\/\/cepronda.com\/blog\/category\/noticias\/"},"img":{"alt_text":"","src":"https:\/\/i0.wp.com\/cepronda.com\/blog\/wp-content\/uploads\/2024\/03\/cartel-JORNADAS-PROVINCIALES-INFORMATIVAS-Y-DIFUSION-DE-BUENAS-PRACTICAS-DE-CENTROS-COMUNIDAD-DE-APRENDIZAJe_pages-to-jpg-0001-scaled.jpg?fit=848%2C1200&ssl=1&resize=350%2C200","width":350,"height":200,"srcset":"https:\/\/i0.wp.com\/cepronda.com\/blog\/wp-content\/uploads\/2024\/03\/cartel-JORNADAS-PROVINCIALES-INFORMATIVAS-Y-DIFUSION-DE-BUENAS-PRACTICAS-DE-CENTROS-COMUNIDAD-DE-APRENDIZAJe_pages-to-jpg-0001-scaled.jpg?fit=848%2C1200&ssl=1&resize=350%2C200 1x, https:\/\/i0.wp.com\/cepronda.com\/blog\/wp-content\/uploads\/2024\/03\/cartel-JORNADAS-PROVINCIALES-INFORMATIVAS-Y-DIFUSION-DE-BUENAS-PRACTICAS-DE-CENTROS-COMUNIDAD-DE-APRENDIZAJe_pages-to-jpg-0001-scaled.jpg?fit=848%2C1200&ssl=1&resize=525%2C300 1.5x, https:\/\/i0.wp.com\/cepronda.com\/blog\/wp-content\/uploads\/2024\/03\/cartel-JORNADAS-PROVINCIALES-INFORMATIVAS-Y-DIFUSION-DE-BUENAS-PRACTICAS-DE-CENTROS-COMUNIDAD-DE-APRENDIZAJe_pages-to-jpg-0001-scaled.jpg?fit=848%2C1200&ssl=1&resize=700%2C400 2x"},"classes":[]}],"jetpack_sharing_enabled":true,"_links":{"self":[{"href":"https:\/\/cepronda.com\/blog\/wp-json\/wp\/v2\/posts\/125","targetHints":{"allow":["GET"]}}],"collection":[{"href":"https:\/\/cepronda.com\/blog\/wp-json\/wp\/v2\/posts"}],"about":[{"href":"https:\/\/cepronda.com\/blog\/wp-json\/wp\/v2\/types\/post"}],"author":[{"embeddable":true,"href":"https:\/\/cepronda.com\/blog\/wp-json\/wp\/v2\/users\/3"}],"replies":[{"embeddable":true,"href":"https:\/\/cepronda.com\/blog\/wp-json\/wp\/v2\/comments?post=125"}],"version-history":[{"count":1,"href":"https:\/\/cepronda.com\/blog\/wp-json\/wp\/v2\/posts\/125\/revisions"}],"predecessor-version":[{"id":8520,"href":"https:\/\/cepronda.com\/blog\/wp-json\/wp\/v2\/posts\/125\/revisions\/8520"}],"wp:featuredmedia":[{"embeddable":true,"href":"https:\/\/cepronda.com\/blog\/wp-json\/"}],"wp:attachment":[{"href":"https:\/\/cepronda.com\/blog\/wp-json\/wp\/v2\/media?parent=125"}],"wp:term":[{"taxonomy":"category","embeddable":true,"href":"https:\/\/cepronda.com\/blog\/wp-json\/wp\/v2\/categories?post=125"},{"taxonomy":"post_tag","embeddable":true,"href":"https:\/\/cepronda.com\/blog\/wp-json\/wp\/v2\/tags?post=125"}],"curies":[{"name":"wp","href":"https:\/\/api.w.org\/{rel}","templated":true}]}}