{"id":1208,"date":"2017-09-06T09:45:32","date_gmt":"2017-09-06T07:45:32","guid":{"rendered":"http:\/\/cepronda.com\/blog\/?p=1208"},"modified":"2017-09-06T09:45:32","modified_gmt":"2017-09-06T07:45:32","slug":"trabajar-y-evaluar-por-competencias-clave-en-educacion-secundaria-y-bachillerato","status":"publish","type":"post","link":"https:\/\/cepronda.com\/blog\/trabajar-y-evaluar-por-competencias-clave-en-educacion-secundaria-y-bachillerato\/","title":{"rendered":"TRABAJAR Y EVALUAR POR COMPETENCIAS CLAVE EN EDUCACI\u00d3N SECUNDARIA Y BACHILLERATO"},"content":{"rendered":"<p>\u00a1Hola de nuevo!<\/p>\n<p>Empezamos ya con las convocatorias de cursos. En este caso se trata de una jornada de una ma\u00f1ana de duraci\u00f3n donde se pretende&nbsp;informar al profesorado de Secundaria y Bachillerato de la formaci\u00f3n que se va a organizar sobre competencias clave en Secundaria y Bachillerato, sobre las distintas metodolog\u00edas y la herramienta de evaluaci\u00f3n en S\u00e9neca.&nbsp;<\/p>\n<p>Ser\u00e1 el pr\u00f3ximo martes 12 de septiembre en horario de 9 a 14 horas en el sal\u00f3n de actos del CEP de Ronda. Para inscribiros en las jornadas ten\u00e9is que hacer clic en el <a href=\"https:\/\/www.juntadeandalucia.es\/educacion\/secretariavirtual\/consultaCEP\/actividad\/189924EO001\/\" target=\"_blank\" rel=\"noopener\"><strong>siguiente enlace.<\/strong><\/a><\/p>\n<p>Aunque las jornadas se dirigen a todo el profesorado de los centros en los que se imparta Educaci\u00f3n Secundaria Obligatoria y Bachillerato, es aconsejable la asistencia de los equipos directivos y de las personas que ostentan la jefatura del DFEIE. El horario es de 09:00 h a 14:00 h.<\/p>\n<p>\u00a1Os esperamos!<\/p>\n<p><a href=\"https:\/\/www.juntadeandalucia.es\/educacion\/secretariavirtual\/consultaCEP\/actividad\/189924EO001\/\" target=\"_blank\" rel=\"noopener\"><img data-recalc-dims=\"1\" loading=\"lazy\" decoding=\"async\" class=\"aligncenter wp-image-1209 size-full\" src=\"https:\/\/i0.wp.com\/cepronda.com\/blog\/wp-content\/uploads\/2017\/09\/pencil-1486278_640.jpg?resize=640%2C360\" alt=\"\" width=\"640\" height=\"360\" srcset=\"https:\/\/i0.wp.com\/cepronda.com\/blog\/wp-content\/uploads\/2017\/09\/pencil-1486278_640.jpg?w=640&amp;ssl=1 640w, https:\/\/i0.wp.com\/cepronda.com\/blog\/wp-content\/uploads\/2017\/09\/pencil-1486278_640.jpg?resize=300%2C169&amp;ssl=1 300w\" sizes=\"auto, (max-width: 640px) 100vw, 640px\" \/><\/a><\/p>\n","protected":false},"excerpt":{"rendered":"<p>\u00a1Hola de nuevo! Empezamos ya con las convocatorias de cursos. En este caso se trata de una jornada de una ma\u00f1ana de duraci\u00f3n donde se pretende&nbsp;informar al profesorado de Secundaria y Bachillerato de la formaci\u00f3n que se va a organizar sobre competencias clave en Secundaria y Bachillerato, sobre las distintas metodolog\u00edas y la herramienta de [&hellip;]<\/p>\n","protected":false},"author":3,"featured_media":1209,"comment_status":"open","ping_status":"open","sticky":false,"template":"","format":"standard","meta":{"_crdt_document":"","advanced_seo_description":"","jetpack_seo_html_title":"","jetpack_seo_noindex":false,"jetpack_post_was_ever_published":false,"_jetpack_newsletter_access":"","_jetpack_dont_email_post_to_subs":false,"_jetpack_newsletter_tier_id":0,"_jetpack_memberships_contains_paywalled_content":false,"_jetpack_memberships_contains_paid_content":false,"footnotes":"","jetpack_publicize_message":"","jetpack_publicize_feature_enabled":true,"jetpack_social_post_already_shared":true,"jetpack_social_options":{"image_generator_settings":{"template":"highway","default_image_id":0,"font":"","enabled":false},"version":2}},"categories":[3],"tags":[80,79],"class_list":{"0":"post-1208","1":"post","2":"type-post","3":"status-publish","4":"format-standard","5":"has-post-thumbnail","7":"category-formaciones","8":"tag-competencias-clave","9":"tag-educacion-secundaria","10":"czr-hentry"},"jetpack_publicize_connections":[],"jetpack_featured_media_url":"https:\/\/i0.wp.com\/cepronda.com\/blog\/wp-content\/uploads\/2017\/09\/pencil-1486278_640.jpg?fit=640%2C360&ssl=1","jetpack_shortlink":"https:\/\/wp.me\/p8M4X7-ju","jetpack-related-posts":[{"id":2398,"url":"https:\/\/cepronda.com\/blog\/competencias-clave-en-el-aula-para-secundaria-y-bachillerato-programacion-metodologias-y-evaluacion\/","url_meta":{"origin":1208,"position":0},"title":"COMPETENCIAS CLAVE EN EL AULA, PARA SECUNDARIA Y BACHILLERATO: PROGRAMACI\u00d3N, METODOLOG\u00cdAS Y EVALUACI\u00d3N.","author":"V\u00edctor Caballero","date":"25 octubre, 2018","format":false,"excerpt":"Hola a todo el profesorado de Secundaria y Bachillerato. Llevamos un tiempo organizando con mucho mimo esta actividad dirigida a vosotras y vosotros. Se trata de un itinerario formativo en competencias claves y profesionales, y tenemos la gran suerte de contar con un ponente con una amplia experiencia en este\u2026","rel":"","context":"En \u00abFormaciones\u00bb","block_context":{"text":"Formaciones","link":"https:\/\/cepronda.com\/blog\/category\/formaciones\/"},"img":{"alt_text":"","src":"https:\/\/i0.wp.com\/cepronda.com\/blog\/wp-content\/uploads\/2018\/10\/board-761586_1920.jpg?fit=1200%2C800&ssl=1&resize=350%2C200","width":350,"height":200,"srcset":"https:\/\/i0.wp.com\/cepronda.com\/blog\/wp-content\/uploads\/2018\/10\/board-761586_1920.jpg?fit=1200%2C800&ssl=1&resize=350%2C200 1x, https:\/\/i0.wp.com\/cepronda.com\/blog\/wp-content\/uploads\/2018\/10\/board-761586_1920.jpg?fit=1200%2C800&ssl=1&resize=525%2C300 1.5x, https:\/\/i0.wp.com\/cepronda.com\/blog\/wp-content\/uploads\/2018\/10\/board-761586_1920.jpg?fit=1200%2C800&ssl=1&resize=700%2C400 2x, https:\/\/i0.wp.com\/cepronda.com\/blog\/wp-content\/uploads\/2018\/10\/board-761586_1920.jpg?fit=1200%2C800&ssl=1&resize=1050%2C600 3x"},"classes":[]},{"id":1573,"url":"https:\/\/cepronda.com\/blog\/curso-competencias-clave-en-secundaria-y-bachillerato\/","url_meta":{"origin":1208,"position":1},"title":"Curso \u00abCompetencias clave en Secundaria y Bachillerato\u00bb","author":"V\u00edctor Caballero","date":"29 enero, 2018","format":false,"excerpt":"Muy buenas, Os comentamos que ya se encuentra abierto el plazo de inscripci\u00f3n para el curso \"Competencias clave en Secundaria y Bachillerato\" a realizar a partir del 8 de febrero.\u00a0 El desarrollo de las competencias clave en el alumnado supone un nuevo marco conceptual que modifica el enfoque del aprendizaje.\u2026","rel":"","context":"En \u00abFormaciones\u00bb","block_context":{"text":"Formaciones","link":"https:\/\/cepronda.com\/blog\/category\/formaciones\/"},"img":{"alt_text":"","src":"https:\/\/i0.wp.com\/cepronda.com\/blog\/wp-content\/uploads\/2018\/01\/networks-3017395_640.jpg?fit=640%2C426&ssl=1&resize=350%2C200","width":350,"height":200,"srcset":"https:\/\/i0.wp.com\/cepronda.com\/blog\/wp-content\/uploads\/2018\/01\/networks-3017395_640.jpg?fit=640%2C426&ssl=1&resize=350%2C200 1x, https:\/\/i0.wp.com\/cepronda.com\/blog\/wp-content\/uploads\/2018\/01\/networks-3017395_640.jpg?fit=640%2C426&ssl=1&resize=525%2C300 1.5x"},"classes":[]},{"id":5343,"url":"https:\/\/cepronda.com\/blog\/aproximacion-al-marco-general-de-la-lomloe-educacion-secundaria-obligatoria-y-bachillerato-229922kpf405\/","url_meta":{"origin":1208,"position":2},"title":"APROXIMACI\u00d3N AL MARCO GENERAL DE LA LOMLOE. EDUCACI\u00d3N SECUNDARIA OBLIGATORIA Y BACHILLERATO (229922KPF405).","author":"Inmaculada Garc\u00eda","date":"26 mayo, 2022","format":false,"excerpt":"Se encuentra abierto el plazo de inscripci\u00f3n (del 26 al 30 de mayo) del curso a distancia: APROXIMACI\u00d3N AL MARCO GENERAL DE LA LOMLOE. EDUCACI\u00d3N SECUNDARIA OBLIGATORIA Y BACHILLERATO (229922KPF405). Duraci\u00f3n: 15 horas en el AVFP (desde el 01\/06\/2022 a 21\/06\/2022) Dirigido a: Profesorado de Educaci\u00f3n Secundaria Obligatoria y Bachillerato.\u2026","rel":"","context":"En \u00abFormaciones\u00bb","block_context":{"text":"Formaciones","link":"https:\/\/cepronda.com\/blog\/category\/formaciones\/"},"img":{"alt_text":"","src":"https:\/\/i0.wp.com\/cepronda.com\/blog\/wp-content\/uploads\/2022\/05\/WhatsApp-Image-2022-05-26-at-10.56.24-AM.jpeg?fit=1080%2C1080&ssl=1&resize=350%2C200","width":350,"height":200,"srcset":"https:\/\/i0.wp.com\/cepronda.com\/blog\/wp-content\/uploads\/2022\/05\/WhatsApp-Image-2022-05-26-at-10.56.24-AM.jpeg?fit=1080%2C1080&ssl=1&resize=350%2C200 1x, https:\/\/i0.wp.com\/cepronda.com\/blog\/wp-content\/uploads\/2022\/05\/WhatsApp-Image-2022-05-26-at-10.56.24-AM.jpeg?fit=1080%2C1080&ssl=1&resize=525%2C300 1.5x, https:\/\/i0.wp.com\/cepronda.com\/blog\/wp-content\/uploads\/2022\/05\/WhatsApp-Image-2022-05-26-at-10.56.24-AM.jpeg?fit=1080%2C1080&ssl=1&resize=700%2C400 2x, https:\/\/i0.wp.com\/cepronda.com\/blog\/wp-content\/uploads\/2022\/05\/WhatsApp-Image-2022-05-26-at-10.56.24-AM.jpeg?fit=1080%2C1080&ssl=1&resize=1050%2C600 3x"},"classes":[]},{"id":5464,"url":"https:\/\/cepronda.com\/blog\/aproximacion-al-marco-general-de-la-lomloe-educacion-secundaria-y-bachillerato\/","url_meta":{"origin":1208,"position":3},"title":"APROXIMACI\u00d3N AL MARCO GENERAL DE LA LOMLOE.EDUCACI\u00d3N SECUNDARIA Y BACHILLERATO.","author":"Maribel Mu\u00f1oz","date":"16 septiembre, 2022","format":false,"excerpt":"Buenas tardes compa\u00f1eras y compa\u00f1eros, Os\u00a0 informamos que est\u00e1 abierto el plazo de inscripci\u00f3n en el curso a distancia APROXIMACI\u00d3N AL MARCO GENERAL DE LA LOMLOE. EDUCACI\u00d3N SECUNDARIA Y BACHILLERATO con c\u00f3digo\u00a0232924PF405. Fechas de inscripci\u00f3n : del 16\/09\/2022 al 03\/10\/2022 Fecha de inicio: 10\/10\/2022 Fecha finalizaci\u00f3n: 10\/11\/2022 Horas: 15\u00a0 (\u2026","rel":"","context":"En \u00abFormaciones\u00bb","block_context":{"text":"Formaciones","link":"https:\/\/cepronda.com\/blog\/category\/formaciones\/"},"img":{"alt_text":"","src":"https:\/\/i0.wp.com\/cepronda.com\/blog\/wp-content\/uploads\/2022\/09\/WhatsApp-Image-2022-09-16-at-11.25.31.jpeg?fit=1200%2C675&ssl=1&resize=350%2C200","width":350,"height":200,"srcset":"https:\/\/i0.wp.com\/cepronda.com\/blog\/wp-content\/uploads\/2022\/09\/WhatsApp-Image-2022-09-16-at-11.25.31.jpeg?fit=1200%2C675&ssl=1&resize=350%2C200 1x, https:\/\/i0.wp.com\/cepronda.com\/blog\/wp-content\/uploads\/2022\/09\/WhatsApp-Image-2022-09-16-at-11.25.31.jpeg?fit=1200%2C675&ssl=1&resize=525%2C300 1.5x, https:\/\/i0.wp.com\/cepronda.com\/blog\/wp-content\/uploads\/2022\/09\/WhatsApp-Image-2022-09-16-at-11.25.31.jpeg?fit=1200%2C675&ssl=1&resize=700%2C400 2x, https:\/\/i0.wp.com\/cepronda.com\/blog\/wp-content\/uploads\/2022\/09\/WhatsApp-Image-2022-09-16-at-11.25.31.jpeg?fit=1200%2C675&ssl=1&resize=1050%2C600 3x"},"classes":[]},{"id":3103,"url":"https:\/\/cepronda.com\/blog\/taller-de-programacion-y-evaluacion-por-competencias-para-secundaria-bachillerato-y-fp\/","url_meta":{"origin":1208,"position":4},"title":"TALLER DE PROGRAMACI\u00d3N Y EVALUACI\u00d3N POR COMPETENCIAS PARA SECUNDARIA, BACHILLERATO Y FP","author":"V\u00edctor Caballero","date":"18 octubre, 2019","format":false,"excerpt":"Muy buenas, comunicamos que se ha abierto el plazo de inscripci\u00f3n para la actividad de \"TALLER DE PROGRAMACI\u00d3N Y EVALUACI\u00d3N POR COMPETENCIAS PARA SECUNDARIA, BACHILLERATO Y FP\". Os dejamos con el enlace a la actividad para que os pod\u00e1is inscribir.","rel":"","context":"En \u00abFormaciones\u00bb","block_context":{"text":"Formaciones","link":"https:\/\/cepronda.com\/blog\/category\/formaciones\/"},"img":{"alt_text":"","src":"https:\/\/i0.wp.com\/cepronda.com\/blog\/wp-content\/uploads\/2019\/10\/TALLER-DE-PROGRAMACI%C3%93N-POR-COMPETENCIAS-EN-SECUNDARIA-BACHILLERATO-Y-FP.jpg?fit=848%2C1200&ssl=1&resize=350%2C200","width":350,"height":200,"srcset":"https:\/\/i0.wp.com\/cepronda.com\/blog\/wp-content\/uploads\/2019\/10\/TALLER-DE-PROGRAMACI%C3%93N-POR-COMPETENCIAS-EN-SECUNDARIA-BACHILLERATO-Y-FP.jpg?fit=848%2C1200&ssl=1&resize=350%2C200 1x, https:\/\/i0.wp.com\/cepronda.com\/blog\/wp-content\/uploads\/2019\/10\/TALLER-DE-PROGRAMACI%C3%93N-POR-COMPETENCIAS-EN-SECUNDARIA-BACHILLERATO-Y-FP.jpg?fit=848%2C1200&ssl=1&resize=525%2C300 1.5x, https:\/\/i0.wp.com\/cepronda.com\/blog\/wp-content\/uploads\/2019\/10\/TALLER-DE-PROGRAMACI%C3%93N-POR-COMPETENCIAS-EN-SECUNDARIA-BACHILLERATO-Y-FP.jpg?fit=848%2C1200&ssl=1&resize=700%2C400 2x"},"classes":[]},{"id":8169,"url":"https:\/\/cepronda.com\/blog\/jornadas-provinciales-nuevos-retos-para-las-direcciones-de-secundaria-bachillerato-formacion-profesional-y-ensenanzas-de-regimen-especial-con-codigo-252923ge804\/","url_meta":{"origin":1208,"position":5},"title":"NUEVOS RETOS PARA LAS DIRECCIONES DE SECUNDARIA, BACHILLERATO, FORMACI\u00d3N PROFESIONAL Y ENSE\u00d1ANZAS DE R\u00c9GIMEN ESPECIAL","author":"Inmaculada Garc\u00eda","date":"19 febrero, 2025","format":false,"excerpt":"Abierto plazo solicitudes de las Jornadas Provinciales: \"NUEVOS RETOS PARA LAS DIRECCIONES DE SECUNDARIA, BACHILLERATO, FORMACI\u00d3N PROFESIONAL Y ENSE\u00d1ANZAS DE R\u00c9GIMEN ESPECIAL\", con c\u00f3digo 252923GE804, que organizamos en colaboraci\u00f3n con ADIAN. Dirigidas a directores y directoras de Secundaria, Bachillerato, F.P, ERE de la provincia de M\u00e1laga. Inscripciones: 18\/02\/2025 - 13\/03\/2025\u2026","rel":"","context":"En \u00abNoticias\u00bb","block_context":{"text":"Noticias","link":"https:\/\/cepronda.com\/blog\/category\/noticias\/"},"img":{"alt_text":"","src":"https:\/\/i0.wp.com\/cepronda.com\/blog\/wp-content\/uploads\/2025\/02\/cartel-direcciones-secundaria.jpeg?fit=1080%2C1080&ssl=1&resize=350%2C200","width":350,"height":200,"srcset":"https:\/\/i0.wp.com\/cepronda.com\/blog\/wp-content\/uploads\/2025\/02\/cartel-direcciones-secundaria.jpeg?fit=1080%2C1080&ssl=1&resize=350%2C200 1x, https:\/\/i0.wp.com\/cepronda.com\/blog\/wp-content\/uploads\/2025\/02\/cartel-direcciones-secundaria.jpeg?fit=1080%2C1080&ssl=1&resize=525%2C300 1.5x, https:\/\/i0.wp.com\/cepronda.com\/blog\/wp-content\/uploads\/2025\/02\/cartel-direcciones-secundaria.jpeg?fit=1080%2C1080&ssl=1&resize=700%2C400 2x, https:\/\/i0.wp.com\/cepronda.com\/blog\/wp-content\/uploads\/2025\/02\/cartel-direcciones-secundaria.jpeg?fit=1080%2C1080&ssl=1&resize=1050%2C600 3x"},"classes":[]}],"jetpack_sharing_enabled":true,"_links":{"self":[{"href":"https:\/\/cepronda.com\/blog\/wp-json\/wp\/v2\/posts\/1208","targetHints":{"allow":["GET"]}}],"collection":[{"href":"https:\/\/cepronda.com\/blog\/wp-json\/wp\/v2\/posts"}],"about":[{"href":"https:\/\/cepronda.com\/blog\/wp-json\/wp\/v2\/types\/post"}],"author":[{"embeddable":true,"href":"https:\/\/cepronda.com\/blog\/wp-json\/wp\/v2\/users\/3"}],"replies":[{"embeddable":true,"href":"https:\/\/cepronda.com\/blog\/wp-json\/wp\/v2\/comments?post=1208"}],"version-history":[{"count":1,"href":"https:\/\/cepronda.com\/blog\/wp-json\/wp\/v2\/posts\/1208\/revisions"}],"predecessor-version":[{"id":1210,"href":"https:\/\/cepronda.com\/blog\/wp-json\/wp\/v2\/posts\/1208\/revisions\/1210"}],"wp:featuredmedia":[{"embeddable":true,"href":"https:\/\/cepronda.com\/blog\/wp-json\/wp\/v2\/media\/1209"}],"wp:attachment":[{"href":"https:\/\/cepronda.com\/blog\/wp-json\/wp\/v2\/media?parent=1208"}],"wp:term":[{"taxonomy":"category","embeddable":true,"href":"https:\/\/cepronda.com\/blog\/wp-json\/wp\/v2\/categories?post=1208"},{"taxonomy":"post_tag","embeddable":true,"href":"https:\/\/cepronda.com\/blog\/wp-json\/wp\/v2\/tags?post=1208"}],"curies":[{"name":"wp","href":"https:\/\/api.w.org\/{rel}","templated":true}]}}