{"id":1199,"date":"2017-09-04T10:42:52","date_gmt":"2017-09-04T08:42:52","guid":{"rendered":"http:\/\/cepronda.com\/blog\/?p=1199"},"modified":"2017-09-04T10:42:52","modified_gmt":"2017-09-04T08:42:52","slug":"plazo-de-inscripcion-para-otros-programas-interesantes","status":"publish","type":"post","link":"https:\/\/cepronda.com\/blog\/plazo-de-inscripcion-para-otros-programas-interesantes\/","title":{"rendered":"Plazo de inscripci\u00f3n para otros programas interesantes"},"content":{"rendered":"<p>\u00a1Hola de nuevo!<\/p>\n<p>Nos sigue llegando informaci\u00f3n que queremos compartir con todos y todas vosotras por si os resulta de inter\u00e9s. En este caso se trata de dos programas:<\/p>\n<ul>\n<li>Por un lado el Parlamento Europeo viene organizando anualmente el<a href=\"http:\/\/www.juntadeandalucia.es\/educacion\/portals\/web\/ced\/contenidos\/-\/contenidos\/detalle\/convocatoria-del-programa-escuelas-embajadoras-del-parlamento-europeo-para-el-curso-academico-2017\" target=\"_blank\" rel=\"noopener\"> programa \u00abEscuelas Embajadoras del Parlamento Europeo\u00bb<\/a>. Este programa, que pretende acercar el Parlamento Europeo a alumnado y profesorado, convirti\u00e9ndolos en embajadores de la sede de la democracia europea, implica:\n<ul>\n<li>Trabajo en clase sobre el Parlamento Europeo en base a un workbook facilitado por el Parlamento Europeo en las cuatro lenguas cooficiales del estado, as\u00ed como en ingl\u00e9s y franc\u00e9s.<\/li>\n<li>Puesta en marcha de un infopoint sobre el Parlamento Europeo en el centro.<\/li>\n<li>Organizaci\u00f3n de actividades alrededor del d\u00eda de Europa (9 de mayo).<\/li>\n<\/ul>\n<p>Los centros que completen con \u00e9xito el curso escolar recibir\u00e1n la placa de escuela embajadora del Parlamento Europeo en una ceremonia en Madrid. Adem\u00e1s se invitar\u00e1 a los centros participantes a reuniones de formaci\u00f3n en la sede del Parlamento Europeo en Espa\u00f1a, en su sede de Madrid, as\u00ed como la posibilidad de participar en viajes a las sedes de Bruselas y Estrasburgo y de hermanarse con centros de otros estados de la UE.<\/p>\n<p>El plazo de inscripci\u00f3n finaliza el&nbsp;<strong>15 de septiembre de 2017<\/strong>.<\/li>\n<li>Por otro lado el <a href=\"http:\/\/www.juntadeandalucia.es\/educacion\/portals\/web\/ced\/contenidos\/-\/contenidos\/detalle\/programa-nacional-rutas-cientificas-artisticas-y-literarias-convocatoria-otono-1xnd5zxi75qc3\" target=\"_blank\" rel=\"noopener\">Programa nacional \u00abRutas cient\u00edficas, art\u00edsticas y literarias\u00bb<\/a>. Convocatoria oto\u00f1o 2017. Se convocan para su concesi\u00f3n en r\u00e9gimen de concurrencia competitiva, ayudas para un m\u00e1ximo de 64 grupos de alumnos y alumnas de centros educativos espa\u00f1oles ordinarios sostenidos con fondos p\u00fablicos, en territorio nacional, para participar en el programa nacional \u201cRutas cient\u00edficas, art\u00edsticas y literarias\u201d de los siguientes niveles educativos:\n<ul>\n<li>5\u00ba y 6\u00ba de Educaci\u00f3n Primaria;<\/li>\n<li>Educaci\u00f3n Secundaria Obligatoria;<\/li>\n<li>Formaci\u00f3n Profesional B\u00e1sica;<\/li>\n<li>Bachillerato;<\/li>\n<li>Ciclos de Grado Medio de Formaci\u00f3n Profesional;<\/li>\n<li>Ciclos de Grado Medio de Ense\u00f1anzas Art\u00edsticas<\/li>\n<\/ul>\n<p>Las actividades del programa se llevar\u00e1n a cabo durante cuatro turnos semanales, entre el 8 de octubre y el 4 de noviembre de 2017. Cada ruta o actividad se constituye con la participaci\u00f3n de dos grupos de distinta procedencia geogr\u00e1fica y de similar nivel educativo, lo que representa un m\u00e1ximo de 48 alumnos y 4 profesores por cada una.<\/p>\n<p>Plazo de presentaci\u00f3n de solicitudes finalizar\u00e1 el<strong>&nbsp;11 de septiembre de 2017.<\/strong><\/li>\n<\/ul>\n<p>&nbsp;<\/p>\n<p>Esperamos que esta informaci\u00f3n os sea de utilidad, y en el caso de que decid\u00e1is participar en alguna de ellas nos encantar\u00eda estar al tanto de vuestras actividades. Un saludo.<\/p>\n","protected":false},"excerpt":{"rendered":"<p>\u00a1Hola de nuevo! Nos sigue llegando informaci\u00f3n que queremos compartir con todos y todas vosotras por si os resulta de inter\u00e9s. En este caso se trata de dos programas: Por un lado el Parlamento Europeo viene organizando anualmente el programa \u00abEscuelas Embajadoras del Parlamento Europeo\u00bb. Este programa, que pretende acercar el Parlamento Europeo a alumnado [&hellip;]<\/p>\n","protected":false},"author":3,"featured_media":905,"comment_status":"open","ping_status":"open","sticky":false,"template":"","format":"standard","meta":{"_crdt_document":"","advanced_seo_description":"","jetpack_seo_html_title":"","jetpack_seo_noindex":false,"jetpack_post_was_ever_published":false,"_jetpack_newsletter_access":"","_jetpack_dont_email_post_to_subs":false,"_jetpack_newsletter_tier_id":0,"_jetpack_memberships_contains_paywalled_content":false,"_jetpack_memberships_contains_paid_content":false,"footnotes":"","jetpack_publicize_message":"Plazo de inscripci\u00f3n para otros programas interesantes","jetpack_publicize_feature_enabled":true,"jetpack_social_post_already_shared":true,"jetpack_social_options":{"image_generator_settings":{"template":"highway","default_image_id":0,"font":"","enabled":false},"version":2}},"categories":[5],"tags":[78],"class_list":{"0":"post-1199","1":"post","2":"type-post","3":"status-publish","4":"format-standard","5":"has-post-thumbnail","7":"category-noticias","8":"tag-noticias","9":"czr-hentry"},"jetpack_publicize_connections":[],"jetpack_featured_media_url":"https:\/\/i0.wp.com\/cepronda.com\/blog\/wp-content\/uploads\/2017\/05\/hands-1697898_640.jpg?fit=640%2C426&ssl=1","jetpack_shortlink":"https:\/\/wp.me\/p8M4X7-jl","jetpack-related-posts":[{"id":2178,"url":"https:\/\/cepronda.com\/blog\/2-microrrelatos-escolares-premiados-que-conmemoran-el-ano-europeo-del-patrimonio-cultural\/","url_meta":{"origin":1199,"position":0},"title":"2 Microrrelatos escolares premiados que conmemoran el A\u00f1o Europeo del Patrimonio Cultural","author":"V\u00edctor Caballero","date":"12 junio, 2018","format":false,"excerpt":"Muy buenas,\u00a0 Hoy estamos de enhorabuena ya que dos microrrelatos de centros de nuestra zona ha sido premiados en el concurso de microrrelatos educativos \"Cu\u00e9ntanos una historia\". M\u00e1s concretamente se trata de\u00a0\u201cNoche que alegra el alma\u201d de\u00a0Mar\u00eda Guerrero Garc\u00eda, del\u00a0IES Profesor Gonzalo Huesa de Ronda\u00a0y\u00a0\u00a0\u201cAdi\u00f3s\u201d de\u00a0Javier Aguilar M\u00e9ndez, del\u00a0IES Valle\u2026","rel":"","context":"En \u00abNoticias\u00bb","block_context":{"text":"Noticias","link":"https:\/\/cepronda.com\/blog\/category\/noticias\/"},"img":{"alt_text":"","src":"https:\/\/i0.wp.com\/cepronda.com\/blog\/wp-content\/uploads\/2018\/06\/premios.jpg?fit=1200%2C792&ssl=1&resize=350%2C200","width":350,"height":200,"srcset":"https:\/\/i0.wp.com\/cepronda.com\/blog\/wp-content\/uploads\/2018\/06\/premios.jpg?fit=1200%2C792&ssl=1&resize=350%2C200 1x, https:\/\/i0.wp.com\/cepronda.com\/blog\/wp-content\/uploads\/2018\/06\/premios.jpg?fit=1200%2C792&ssl=1&resize=525%2C300 1.5x, https:\/\/i0.wp.com\/cepronda.com\/blog\/wp-content\/uploads\/2018\/06\/premios.jpg?fit=1200%2C792&ssl=1&resize=700%2C400 2x, https:\/\/i0.wp.com\/cepronda.com\/blog\/wp-content\/uploads\/2018\/06\/premios.jpg?fit=1200%2C792&ssl=1&resize=1050%2C600 3x"},"classes":[]},{"id":2243,"url":"https:\/\/cepronda.com\/blog\/programa-de-escuelas-mentoras\/","url_meta":{"origin":1199,"position":1},"title":"Programa de Escuelas Mentoras","author":"V\u00edctor Caballero","date":"3 septiembre, 2018","format":false,"excerpt":"Y seguimos con las novedades... En este caso se trata de un programa que el curso pasado se puso a mediados de curso y de forma experimental y, este curso, se pone en marcha desde ya, de modo que el aprendizaje mutuo sea mayor. Escuelas mentoras es un programa de\u2026","rel":"","context":"En \u00abNoticias\u00bb","block_context":{"text":"Noticias","link":"https:\/\/cepronda.com\/blog\/category\/noticias\/"},"img":{"alt_text":"","src":"https:\/\/i0.wp.com\/cepronda.com\/blog\/wp-content\/uploads\/2018\/09\/puzzle-210785_640.jpg?fit=640%2C480&ssl=1&resize=350%2C200","width":350,"height":200,"srcset":"https:\/\/i0.wp.com\/cepronda.com\/blog\/wp-content\/uploads\/2018\/09\/puzzle-210785_640.jpg?fit=640%2C480&ssl=1&resize=350%2C200 1x, https:\/\/i0.wp.com\/cepronda.com\/blog\/wp-content\/uploads\/2018\/09\/puzzle-210785_640.jpg?fit=640%2C480&ssl=1&resize=525%2C300 1.5x"},"classes":[]},{"id":1482,"url":"https:\/\/cepronda.com\/blog\/convocatoria-de-172-plazas-para-la-asistencia-a-17-eventos-de-formacion-dentro-del-marco-de-etwinning-en-los-paises-participantes-en-el-programa\/","url_meta":{"origin":1199,"position":2},"title":"Convocatoria de 172 plazas para la asistencia a 17 eventos de formaci\u00f3n, dentro del marco de eTwinning en los pa\u00edses participantes en el programa","author":"V\u00edctor Caballero","date":"14 diciembre, 2017","format":false,"excerpt":"\u00a1Muy buenas! Compartimos con todas aquellas personas interesadas en\u00a0eTwinning esta informaci\u00f3n sobre eventos de formaci\u00f3n en este \u00e1mbito. Para acceder a la p\u00e1gina de la Consejer\u00eda con la informaci\u00f3n s\u00f3lo ten\u00e9is que seguir este enlace, adem\u00e1s os copiamos la informaci\u00f3n m\u00e1s relevante: Estos eventos de formaci\u00f3n tienen como finalidad, tanto\u2026","rel":"","context":"En \u00abNoticias\u00bb","block_context":{"text":"Noticias","link":"https:\/\/cepronda.com\/blog\/category\/noticias\/"},"img":{"alt_text":"","src":"https:\/\/i0.wp.com\/cepronda.com\/blog\/wp-content\/uploads\/2017\/12\/layout_icon-etwining.jpg?resize=350%2C200","width":350,"height":200},"classes":[]},{"id":5002,"url":"https:\/\/cepronda.com\/blog\/expertos-externos-evaluadores-del-sepie\/","url_meta":{"origin":1199,"position":3},"title":"EXPERTOS EXTERNOS EVALUADORES DEL SEPIE","author":"Maribel Mu\u00f1oz","date":"14 enero, 2022","format":false,"excerpt":"Buenos d\u00edas compa\u00f1eras y compa\u00f1eros,\u00a0 Os informamos el 04 de noviembre de 2021 se public\u00f3 en el BOE la convocatoria para la constituci\u00f3n del panel de expertos externos evaluadores del SEPIE (per\u00edodo 2022-2025, con posibilidad de pr\u00f3rroga). Plazo de presentaci\u00f3n de solicitudes: desde el 12 de enero de 2022 hasta\u2026","rel":"","context":"En \u00abFormaciones\u00bb","block_context":{"text":"Formaciones","link":"https:\/\/cepronda.com\/blog\/category\/formaciones\/"},"img":{"alt_text":"","src":"https:\/\/i0.wp.com\/cepronda.com\/blog\/wp-content\/uploads\/2020\/10\/erasmus.jpg?fit=500%2C500&ssl=1&resize=350%2C200","width":350,"height":200},"classes":[]},{"id":5739,"url":"https:\/\/cepronda.com\/blog\/concurso-escolar-2023-demuestra-tus-capacidades-con-europass\/","url_meta":{"origin":1199,"position":4},"title":"CONCURSO ESCOLAR 2023:\u00a0\u201cDEMUESTRA TUS CAPACIDADES CON EUROPASS\u201d","author":"Mamen Moreno","date":"25 enero, 2023","format":false,"excerpt":"En l\u00ednea con la celebraci\u00f3n del\u00a0A\u00f1o Europeo de las Capacidades, el Centro Nacional Europass en Espa\u00f1a ha puesto en marcha la nueva edici\u00f3n del\u00a0Concurso Escolar 2023:\u00a0\u201cDemuestra tus capacidades con Europass\u201d \/ \u201cShowcase your skills with Europass\u201d. El concurso va dirigido a\u00a0estudiantes, de cualquier modalidad educativa, de entre 14 y 18\u2026","rel":"","context":"En \u00abNoticias\u00bb","block_context":{"text":"Noticias","link":"https:\/\/cepronda.com\/blog\/category\/noticias\/"},"img":{"alt_text":"","src":"https:\/\/i0.wp.com\/cepronda.com\/blog\/wp-content\/uploads\/2023\/01\/image002.png?fit=1200%2C673&ssl=1&resize=350%2C200","width":350,"height":200,"srcset":"https:\/\/i0.wp.com\/cepronda.com\/blog\/wp-content\/uploads\/2023\/01\/image002.png?fit=1200%2C673&ssl=1&resize=350%2C200 1x, https:\/\/i0.wp.com\/cepronda.com\/blog\/wp-content\/uploads\/2023\/01\/image002.png?fit=1200%2C673&ssl=1&resize=525%2C300 1.5x, https:\/\/i0.wp.com\/cepronda.com\/blog\/wp-content\/uploads\/2023\/01\/image002.png?fit=1200%2C673&ssl=1&resize=700%2C400 2x, https:\/\/i0.wp.com\/cepronda.com\/blog\/wp-content\/uploads\/2023\/01\/image002.png?fit=1200%2C673&ssl=1&resize=1050%2C600 3x"},"classes":[]},{"id":2266,"url":"https:\/\/cepronda.com\/blog\/programa-prodig\/","url_meta":{"origin":1199,"position":5},"title":"Programa PRODIG","author":"V\u00edctor Caballero","date":"6 septiembre, 2018","format":false,"excerpt":"\u00a1Hola de nuevo! Este curso escolar viene con algunas novedades, y una de las que m\u00e1s est\u00e1 llamando la atenci\u00f3n es el programa PRODIG. Este curso\u00a0 la Consejer\u00eda de Educaci\u00f3n pone en marcha el Programa de Digitalizaci\u00f3n de Centros (PRODIG) .El enfoque educativo que propone este programa se enmarca en\u2026","rel":"","context":"En \u00abFormaciones\u00bb","block_context":{"text":"Formaciones","link":"https:\/\/cepronda.com\/blog\/category\/formaciones\/"},"img":{"alt_text":"","src":"https:\/\/i0.wp.com\/cepronda.com\/blog\/wp-content\/uploads\/2018\/09\/science-1182713_640.jpg?fit=640%2C316&ssl=1&resize=350%2C200","width":350,"height":200,"srcset":"https:\/\/i0.wp.com\/cepronda.com\/blog\/wp-content\/uploads\/2018\/09\/science-1182713_640.jpg?fit=640%2C316&ssl=1&resize=350%2C200 1x, https:\/\/i0.wp.com\/cepronda.com\/blog\/wp-content\/uploads\/2018\/09\/science-1182713_640.jpg?fit=640%2C316&ssl=1&resize=525%2C300 1.5x"},"classes":[]}],"jetpack_sharing_enabled":true,"_links":{"self":[{"href":"https:\/\/cepronda.com\/blog\/wp-json\/wp\/v2\/posts\/1199","targetHints":{"allow":["GET"]}}],"collection":[{"href":"https:\/\/cepronda.com\/blog\/wp-json\/wp\/v2\/posts"}],"about":[{"href":"https:\/\/cepronda.com\/blog\/wp-json\/wp\/v2\/types\/post"}],"author":[{"embeddable":true,"href":"https:\/\/cepronda.com\/blog\/wp-json\/wp\/v2\/users\/3"}],"replies":[{"embeddable":true,"href":"https:\/\/cepronda.com\/blog\/wp-json\/wp\/v2\/comments?post=1199"}],"version-history":[{"count":1,"href":"https:\/\/cepronda.com\/blog\/wp-json\/wp\/v2\/posts\/1199\/revisions"}],"predecessor-version":[{"id":1200,"href":"https:\/\/cepronda.com\/blog\/wp-json\/wp\/v2\/posts\/1199\/revisions\/1200"}],"wp:featuredmedia":[{"embeddable":true,"href":"https:\/\/cepronda.com\/blog\/wp-json\/wp\/v2\/media\/905"}],"wp:attachment":[{"href":"https:\/\/cepronda.com\/blog\/wp-json\/wp\/v2\/media?parent=1199"}],"wp:term":[{"taxonomy":"category","embeddable":true,"href":"https:\/\/cepronda.com\/blog\/wp-json\/wp\/v2\/categories?post=1199"},{"taxonomy":"post_tag","embeddable":true,"href":"https:\/\/cepronda.com\/blog\/wp-json\/wp\/v2\/tags?post=1199"}],"curies":[{"name":"wp","href":"https:\/\/api.w.org\/{rel}","templated":true}]}}