{"id":1192,"date":"2017-09-04T07:37:47","date_gmt":"2017-09-04T07:37:47","guid":{"rendered":"http:\/\/cepronda.com\/blog\/?p=1192"},"modified":"2017-09-04T07:37:47","modified_gmt":"2017-09-04T07:37:47","slug":"nuevo-curso","status":"publish","type":"post","link":"https:\/\/cepronda.com\/blog\/nuevo-curso\/","title":{"rendered":"Nuevo curso"},"content":{"rendered":"<p>Muy buenas a todas y a todos,<\/p>\n<p>Ya estamos de vuelta en un nuevo curso que promete ser apasionante, ilusionante y motivador. Por parte del CEP prometemos poner de nuestra parte todos los esfuerzos posibles para que nuestra oferta formativa se adapte todo lo posible a vuestras necesidades. Para cualquier consulta sab\u00e9is que nos ten\u00e9is a vuestra disposici\u00f3n tanto en nuestras instalaciones como a trav\u00e9s del correo y los tel\u00e9fonos. Hasta el viernes 15 de septiembre estaremos en horario de 9 a 14 horas, y a partir del lunes 18 de septiembre estaremos ya tambi\u00e9n en<a href=\"http:\/\/www.juntadeandalucia.es\/educacion\/portals\/web\/cep-ronda\/personal-del-cep\" target=\"_blank\" rel=\"noopener\"> horario de tarde<\/a>. Nos ponemos a vuestra entera disposici\u00f3n para cualquier consulta y\/o propuesta, siempre agradecemos vuestras visitas.<\/p>\n<p>Un fuerte abrazo<\/p>\n<p><img data-recalc-dims=\"1\" loading=\"lazy\" decoding=\"async\" class=\"size-medium wp-image-1194 aligncenter\" src=\"https:\/\/i0.wp.com\/cepronda.com\/blog\/wp-content\/uploads\/2017\/09\/b9415ce57ebb1781bab48f67d7505fcd-cotton-quotes-285x300.jpg?resize=285%2C300\" alt=\"\" width=\"285\" height=\"300\" srcset=\"https:\/\/i0.wp.com\/cepronda.com\/blog\/wp-content\/uploads\/2017\/09\/b9415ce57ebb1781bab48f67d7505fcd-cotton-quotes.jpg?resize=285%2C300&amp;ssl=1 285w, https:\/\/i0.wp.com\/cepronda.com\/blog\/wp-content\/uploads\/2017\/09\/b9415ce57ebb1781bab48f67d7505fcd-cotton-quotes.jpg?w=736&amp;ssl=1 736w\" sizes=\"auto, (max-width: 285px) 100vw, 285px\" \/><\/p>\n","protected":false},"excerpt":{"rendered":"<p>Muy buenas a todas y a todos, Ya estamos de vuelta en un nuevo curso que promete ser apasionante, ilusionante y motivador. Por parte del CEP prometemos poner de nuestra parte todos los esfuerzos posibles para que nuestra oferta formativa se adapte todo lo posible a vuestras necesidades. Para cualquier consulta sab\u00e9is que nos ten\u00e9is [&hellip;]<\/p>\n","protected":false},"author":3,"featured_media":1194,"comment_status":"open","ping_status":"open","sticky":false,"template":"","format":"standard","meta":{"_crdt_document":"","advanced_seo_description":"","jetpack_seo_html_title":"","jetpack_seo_noindex":false,"jetpack_post_was_ever_published":false,"_jetpack_newsletter_access":"","_jetpack_dont_email_post_to_subs":false,"_jetpack_newsletter_tier_id":0,"_jetpack_memberships_contains_paywalled_content":false,"_jetpack_memberships_contains_paid_content":false,"footnotes":"","jetpack_publicize_message":"Bienvenida al nuevo curso 2017\/2018 para los centros del \u00e1mbito del CEP de Ronda","jetpack_publicize_feature_enabled":true,"jetpack_social_post_already_shared":true,"jetpack_social_options":{"image_generator_settings":{"template":"highway","default_image_id":0,"font":"","enabled":false},"version":2}},"categories":[5],"tags":[78],"class_list":{"0":"post-1192","1":"post","2":"type-post","3":"status-publish","4":"format-standard","5":"has-post-thumbnail","7":"category-noticias","8":"tag-noticias","9":"czr-hentry"},"jetpack_publicize_connections":[],"jetpack_featured_media_url":"https:\/\/i0.wp.com\/cepronda.com\/blog\/wp-content\/uploads\/2017\/09\/b9415ce57ebb1781bab48f67d7505fcd-cotton-quotes.jpg?fit=736%2C776&ssl=1","jetpack_shortlink":"https:\/\/wp.me\/p8M4X7-je","jetpack-related-posts":[{"id":1228,"url":"https:\/\/cepronda.com\/blog\/material-para-prestamos\/","url_meta":{"origin":1192,"position":0},"title":"Material para pr\u00e9stamos","author":"V\u00edctor Caballero","date":"15 septiembre, 2017","format":false,"excerpt":"Muy buenas, Hoy queremos aprovechar esta entrada para recordaros que todos los centros de \u00a0nuestra zona ten\u00e9is a vuestra disposici\u00f3n un amplio material bibliogr\u00e1fico y de consulta del CEP. Y adem\u00e1s para los y las docentes de Educaci\u00f3n F\u00edsica os recordamos que ten\u00e9is a vuestra disposici\u00f3n material de SpeedStacks y\u2026","rel":"","context":"En \u00abNoticias\u00bb","block_context":{"text":"Noticias","link":"https:\/\/cepronda.com\/blog\/category\/noticias\/"},"img":{"alt_text":"","src":"https:\/\/i0.wp.com\/cepronda.com\/blog\/wp-content\/uploads\/2017\/09\/SPEEDSTACKSSportPackof30Sets_XL.jpg?fit=1000%2C1000&ssl=1&resize=350%2C200","width":350,"height":200,"srcset":"https:\/\/i0.wp.com\/cepronda.com\/blog\/wp-content\/uploads\/2017\/09\/SPEEDSTACKSSportPackof30Sets_XL.jpg?fit=1000%2C1000&ssl=1&resize=350%2C200 1x, https:\/\/i0.wp.com\/cepronda.com\/blog\/wp-content\/uploads\/2017\/09\/SPEEDSTACKSSportPackof30Sets_XL.jpg?fit=1000%2C1000&ssl=1&resize=525%2C300 1.5x, https:\/\/i0.wp.com\/cepronda.com\/blog\/wp-content\/uploads\/2017\/09\/SPEEDSTACKSSportPackof30Sets_XL.jpg?fit=1000%2C1000&ssl=1&resize=700%2C400 2x"},"classes":[]},{"id":731,"url":"https:\/\/cepronda.com\/blog\/buscamos-vuestras-buenas-practicas\/","url_meta":{"origin":1192,"position":1},"title":"Buscamos vuestras Buenas Pr\u00e1cticas","author":"V\u00edctor Caballero","date":"9 marzo, 2017","format":false,"excerpt":"\u00a1Hola familia! Queremos aprovechar esta entrada para recordaros que en el blog, en el apartado \"Formularios\" de la barra superior, pod\u00e9is tener acceso a este formulario que desde el CEP de Ronda se elabor\u00f3 para recoger todas vuestras buenas pr\u00e1cticas, que son bastantes y buenas. Muchas veces como profesorado pecamos\u2026","rel":"","context":"En \u00abNoticias\u00bb","block_context":{"text":"Noticias","link":"https:\/\/cepronda.com\/blog\/category\/noticias\/"},"img":{"alt_text":"","src":"https:\/\/i0.wp.com\/cepronda.com\/blog\/wp-content\/uploads\/2017\/03\/checklist-1622517_640-300x300.png?resize=350%2C200","width":350,"height":200},"classes":[]},{"id":3532,"url":"https:\/\/cepronda.com\/blog\/moodle-centros-algunas-soluciones-a-vuestras-dudas\/","url_meta":{"origin":1192,"position":2},"title":"Moodle centros, algunas soluciones a vuestras dudas","author":"V\u00edctor Caballero","date":"3 abril, 2020","format":false,"excerpt":"Hola de nuevo, Muchas de vuestras dudas est\u00e1n dirigidas al uso de la plataforma de Moodle centros, lo cual es l\u00f3gico. El equipo del CEP de Ronda ha decidido elaborar un peque\u00f1o videotutorial que os pueda ayuda. Os lo dejamos a continuaci\u00f3n, as\u00ed como la infograf\u00eda de FAQ sobre la\u2026","rel":"","context":"En \u00abNoticias\u00bb","block_context":{"text":"Noticias","link":"https:\/\/cepronda.com\/blog\/category\/noticias\/"},"img":{"alt_text":"","src":"https:\/\/i0.wp.com\/cepronda.com\/blog\/wp-content\/uploads\/2020\/03\/Logo_twitter_cep_ronda-INSTITUCIONAL-estrecho.jpg?fit=349%2C527&ssl=1&resize=350%2C200","width":350,"height":200},"classes":[]},{"id":1787,"url":"https:\/\/cepronda.com\/blog\/retransmision-del-espectaculo-infantil-dido-y-eneas-desde-el-teatro-real\/","url_meta":{"origin":1192,"position":3},"title":"Retransmisi\u00f3n del espect\u00e1culo infantil \u00abDido y Eneas\u00bb desde el Teatro Real","author":"V\u00edctor Caballero","date":"8 mayo, 2018","format":false,"excerpt":"Muy buenas, Queremos compartir con todos los centros de nuestra comarca esta posibilidad de acceder a la representaci\u00f3n del espect\u00e1culo infantil \"Dido y Eneas\" desde el Palacio Real. Si acced\u00e9is a este enlace podr\u00e9is encontrar toda la informaci\u00f3n. Adem\u00e1s deciros que ponemos a vuestra disposici\u00f3n nuestro sal\u00f3n de actos para\u2026","rel":"","context":"En \u00abNoticias\u00bb","block_context":{"text":"Noticias","link":"https:\/\/cepronda.com\/blog\/category\/noticias\/"},"img":{"alt_text":"","src":"https:\/\/i0.wp.com\/cepronda.com\/blog\/wp-content\/uploads\/2018\/05\/Palco_TeatroReal-1.jpg?fit=1200%2C803&ssl=1&resize=350%2C200","width":350,"height":200,"srcset":"https:\/\/i0.wp.com\/cepronda.com\/blog\/wp-content\/uploads\/2018\/05\/Palco_TeatroReal-1.jpg?fit=1200%2C803&ssl=1&resize=350%2C200 1x, https:\/\/i0.wp.com\/cepronda.com\/blog\/wp-content\/uploads\/2018\/05\/Palco_TeatroReal-1.jpg?fit=1200%2C803&ssl=1&resize=525%2C300 1.5x, https:\/\/i0.wp.com\/cepronda.com\/blog\/wp-content\/uploads\/2018\/05\/Palco_TeatroReal-1.jpg?fit=1200%2C803&ssl=1&resize=700%2C400 2x, https:\/\/i0.wp.com\/cepronda.com\/blog\/wp-content\/uploads\/2018\/05\/Palco_TeatroReal-1.jpg?fit=1200%2C803&ssl=1&resize=1050%2C600 3x"},"classes":[]},{"id":3664,"url":"https:\/\/cepronda.com\/blog\/bienvenida-al-curso-2020-21\/","url_meta":{"origin":1192,"position":4},"title":"Bienvenida al curso 2020\/21","author":"Maribel Mu\u00f1oz","date":"2 septiembre, 2020","format":false,"excerpt":"Buenos d\u00edas compa\u00f1eras y compa\u00f1eros, Desde el CEP de Ronda os damos la bienvenida a este nuevo curso. Sabemos que es un a\u00f1o acad\u00e9mico complejo y, por eso, todo el equipo del CEP estamos, como siempre, a vuestra plena disposici\u00f3n. Aprovechamos para informar que en breve nos pondremos en contacto\u2026","rel":"","context":"En \u00abNoticias\u00bb","block_context":{"text":"Noticias","link":"https:\/\/cepronda.com\/blog\/category\/noticias\/"},"img":{"alt_text":"","src":"","width":0,"height":0},"classes":[]},{"id":1211,"url":"https:\/\/cepronda.com\/blog\/normativa-para-grupos-de-trabajo-formaciones-en-centro-y-programas-educativos\/","url_meta":{"origin":1192,"position":5},"title":"Normativa para Grupos de Trabajo, Formaciones en Centro y Programas educativos","author":"V\u00edctor Caballero","date":"6 septiembre, 2017","format":false,"excerpt":"Seguimos con el inicio de curso, y no pod\u00eda faltar el comunicaros que ya ten\u00e9is a vuestra disposici\u00f3n la normativa que este curso regir\u00e1 la autoformaci\u00f3n en sus dos modalidades, los Grupos de Trabajo y las Formaciones en Centro. Asimismo tenemos tambi\u00e9n la normativa que establece la formaci\u00f3n vinculada a\u2026","rel":"","context":"En \u00abNoticias\u00bb","block_context":{"text":"Noticias","link":"https:\/\/cepronda.com\/blog\/category\/noticias\/"},"img":{"alt_text":"","src":"https:\/\/i0.wp.com\/cepronda.com\/blog\/wp-content\/uploads\/2017\/05\/logo_ja_ce_mejor.jpg?fit=732%2C600&ssl=1&resize=350%2C200","width":350,"height":200,"srcset":"https:\/\/i0.wp.com\/cepronda.com\/blog\/wp-content\/uploads\/2017\/05\/logo_ja_ce_mejor.jpg?fit=732%2C600&ssl=1&resize=350%2C200 1x, https:\/\/i0.wp.com\/cepronda.com\/blog\/wp-content\/uploads\/2017\/05\/logo_ja_ce_mejor.jpg?fit=732%2C600&ssl=1&resize=525%2C300 1.5x, https:\/\/i0.wp.com\/cepronda.com\/blog\/wp-content\/uploads\/2017\/05\/logo_ja_ce_mejor.jpg?fit=732%2C600&ssl=1&resize=700%2C400 2x"},"classes":[]}],"jetpack_sharing_enabled":true,"_links":{"self":[{"href":"https:\/\/cepronda.com\/blog\/wp-json\/wp\/v2\/posts\/1192","targetHints":{"allow":["GET"]}}],"collection":[{"href":"https:\/\/cepronda.com\/blog\/wp-json\/wp\/v2\/posts"}],"about":[{"href":"https:\/\/cepronda.com\/blog\/wp-json\/wp\/v2\/types\/post"}],"author":[{"embeddable":true,"href":"https:\/\/cepronda.com\/blog\/wp-json\/wp\/v2\/users\/3"}],"replies":[{"embeddable":true,"href":"https:\/\/cepronda.com\/blog\/wp-json\/wp\/v2\/comments?post=1192"}],"version-history":[{"count":2,"href":"https:\/\/cepronda.com\/blog\/wp-json\/wp\/v2\/posts\/1192\/revisions"}],"predecessor-version":[{"id":1195,"href":"https:\/\/cepronda.com\/blog\/wp-json\/wp\/v2\/posts\/1192\/revisions\/1195"}],"wp:featuredmedia":[{"embeddable":true,"href":"https:\/\/cepronda.com\/blog\/wp-json\/wp\/v2\/media\/1194"}],"wp:attachment":[{"href":"https:\/\/cepronda.com\/blog\/wp-json\/wp\/v2\/media?parent=1192"}],"wp:term":[{"taxonomy":"category","embeddable":true,"href":"https:\/\/cepronda.com\/blog\/wp-json\/wp\/v2\/categories?post=1192"},{"taxonomy":"post_tag","embeddable":true,"href":"https:\/\/cepronda.com\/blog\/wp-json\/wp\/v2\/tags?post=1192"}],"curies":[{"name":"wp","href":"https:\/\/api.w.org\/{rel}","templated":true}]}}