{"id":1175,"date":"2017-06-29T09:20:47","date_gmt":"2017-06-29T09:20:47","guid":{"rendered":"http:\/\/cepronda.com\/blog\/?p=1175"},"modified":"2017-06-29T09:20:47","modified_gmt":"2017-06-29T09:20:47","slug":"nuestra-enhorabuena","status":"publish","type":"post","link":"https:\/\/cepronda.com\/blog\/nuestra-enhorabuena\/","title":{"rendered":"Nuestra enhorabuena"},"content":{"rendered":"<p>\u00a1Hola!<\/p>\n<p>Pensaba yo esta ma\u00f1ana&#8230;\u00bbtengo que escribir una entrada para desear un feliz verano al profesorado&#8230;\u00bb y de pronto me encuentro con una magn\u00edfica noticia, y no quiero dejar pasar la oportunidad de compartirlo con todas y todos vosotros. Se trata de los premios al concurso \u00abCu\u00e9ntanos una historia\u00bb, donde solicitaban a los escolares de Primaria y Secundaria que abordaran la realidad de la diversidad familiar. Y entre los premiados \u00a1tenemos a cuatro representantes del alumnado de nuestros centros!<\/p>\n<p>Los trabajos galardonados en la categor\u00eda de Educaci\u00f3n Primaria han sido \u201cLa familia de al lado\u201d, de Claudia Ca\u00f1estro Heredia, alumna del C.E.I.P. Virgen de la Cabeza de Ronda que ha obtenido el primer premio. \u201cLa familia de Lola\u201d, de Nuria Gil Tejada, alumna del C.P.R. Serran\u00eda de Benalaur\u00eda y \u201cMi familia\u201d, de Yerai Moncayo Dom\u00ednguez, alumno del C.E.I.P. Hermanos Aguilera de Los Prados de Ronda, han obtenido dos segundos premios. En la categor\u00eda de Educaci\u00f3n Secundaria Obligatoria el primer premio ha sido para \u201c8 a\u00f1os\u201d, de Alba Reina Cabrera, alumna del Colegio San Jos\u00e9 Fundaci\u00f3n Loyola de M\u00e1laga y el segundo premio para \u201cSolo quiero deciros \u2018gracias\u2019\u201d de Andrea Mena Pacheco, del IES Valle del Genal de Algatoc\u00edn.<\/p>\n<p>Desde aqu\u00ed queremos dar la enhorabuena al alumnado premiado y a sus centros, \u00a1hac\u00e9is un gran trabajo d\u00eda a d\u00eda! y premios como \u00e9ste ha de reforzarnos. \u00a1\u00a1\u00a1FELICIDADES!!!<\/p>\n<p><a href=\"http:\/\/www.diarioronda.es\/2017\/05\/24\/ronda\/la-alumna-claudia-canestro-del-colegio-virgen-de-la-cabeza-gana-el-concurso-provincial-de-microrrelatos-educativos\/\" target=\"_blank\" rel=\"noopener\"><img data-recalc-dims=\"1\" loading=\"lazy\" decoding=\"async\" class=\"aligncenter wp-image-1176 size-full\" src=\"https:\/\/i0.wp.com\/cepronda.com\/blog\/wp-content\/uploads\/2017\/06\/premio-microrrelatos-750x500.jpg?resize=750%2C500\" alt=\"\" width=\"750\" height=\"500\" srcset=\"https:\/\/i0.wp.com\/cepronda.com\/blog\/wp-content\/uploads\/2017\/06\/premio-microrrelatos-750x500.jpg?resize=750%2C500&amp;ssl=1 750w, https:\/\/i0.wp.com\/cepronda.com\/blog\/wp-content\/uploads\/2017\/06\/premio-microrrelatos-750x500.jpg?resize=300%2C200&amp;ssl=1 300w\" sizes=\"auto, (max-width: 750px) 100vw, 750px\" \/><\/a><\/p>\n","protected":false},"excerpt":{"rendered":"<p>\u00a1Hola! Pensaba yo esta ma\u00f1ana&#8230;\u00bbtengo que escribir una entrada para desear un feliz verano al profesorado&#8230;\u00bb y de pronto me encuentro con una magn\u00edfica noticia, y no quiero dejar pasar la oportunidad de compartirlo con todas y todos vosotros. Se trata de los premios al concurso \u00abCu\u00e9ntanos una historia\u00bb, donde solicitaban a los escolares de [&hellip;]<\/p>\n","protected":false},"author":3,"featured_media":1176,"comment_status":"open","ping_status":"open","sticky":false,"template":"","format":"standard","meta":{"_crdt_document":"","advanced_seo_description":"","jetpack_seo_html_title":"","jetpack_seo_noindex":false,"jetpack_post_was_ever_published":false,"_jetpack_newsletter_access":"","_jetpack_dont_email_post_to_subs":false,"_jetpack_newsletter_tier_id":0,"_jetpack_memberships_contains_paywalled_content":false,"_jetpack_memberships_contains_paid_content":false,"footnotes":"","jetpack_publicize_message":"Nuestra enhorabuena a los premiados en \"Cu\u00e9ntanos una historia\"","jetpack_publicize_feature_enabled":true,"jetpack_social_post_already_shared":true,"jetpack_social_options":{"image_generator_settings":{"template":"highway","default_image_id":0,"font":"","enabled":false},"version":2}},"categories":[5],"tags":[77,37,57],"class_list":{"0":"post-1175","1":"post","2":"type-post","3":"status-publish","4":"format-standard","5":"has-post-thumbnail","7":"category-noticias","8":"tag-diversidad-familiar","9":"tag-igualdad","10":"tag-premios","11":"czr-hentry"},"jetpack_publicize_connections":[],"jetpack_featured_media_url":"https:\/\/i0.wp.com\/cepronda.com\/blog\/wp-content\/uploads\/2017\/06\/premio-microrrelatos-750x500.jpg?fit=750%2C500&ssl=1","jetpack_shortlink":"https:\/\/wp.me\/p8M4X7-iX","jetpack-related-posts":[{"id":3361,"url":"https:\/\/cepronda.com\/blog\/itinerario-formativo-en-atencion-a-la-diversidad-del-cep-de-ronda\/","url_meta":{"origin":1175,"position":0},"title":"Itinerario formativo en atenci\u00f3n a la diversidad del CEP de Ronda","author":"V\u00edctor Caballero","date":"23 enero, 2020","format":false,"excerpt":"Muy buenas familia, Os dejamos con cartel informativo que ha preparado nuestra compa\u00f1era Claudia sobre las actividades formativas dirigidas a la atenci\u00f3n a la diversidad. En el mismo pod\u00e9is encontrar toda la informaci\u00f3n necesaria, y adem\u00e1s recordad que siempre pod\u00e9is llamarnos o escribirnos.","rel":"","context":"En \u00abFormaciones\u00bb","block_context":{"text":"Formaciones","link":"https:\/\/cepronda.com\/blog\/category\/formaciones\/"},"img":{"alt_text":"","src":"https:\/\/i0.wp.com\/cepronda.com\/blog\/wp-content\/uploads\/2020\/01\/ITINERARIO-FORMATIVO-ATENCI%C3%93N-A-LA-DIVERSIDAD-%C3%9ALTIMO.png?fit=1200%2C848&ssl=1&resize=350%2C200","width":350,"height":200,"srcset":"https:\/\/i0.wp.com\/cepronda.com\/blog\/wp-content\/uploads\/2020\/01\/ITINERARIO-FORMATIVO-ATENCI%C3%93N-A-LA-DIVERSIDAD-%C3%9ALTIMO.png?fit=1200%2C848&ssl=1&resize=350%2C200 1x, https:\/\/i0.wp.com\/cepronda.com\/blog\/wp-content\/uploads\/2020\/01\/ITINERARIO-FORMATIVO-ATENCI%C3%93N-A-LA-DIVERSIDAD-%C3%9ALTIMO.png?fit=1200%2C848&ssl=1&resize=525%2C300 1.5x, https:\/\/i0.wp.com\/cepronda.com\/blog\/wp-content\/uploads\/2020\/01\/ITINERARIO-FORMATIVO-ATENCI%C3%93N-A-LA-DIVERSIDAD-%C3%9ALTIMO.png?fit=1200%2C848&ssl=1&resize=700%2C400 2x, https:\/\/i0.wp.com\/cepronda.com\/blog\/wp-content\/uploads\/2020\/01\/ITINERARIO-FORMATIVO-ATENCI%C3%93N-A-LA-DIVERSIDAD-%C3%9ALTIMO.png?fit=1200%2C848&ssl=1&resize=1050%2C600 3x"},"classes":[]},{"id":2667,"url":"https:\/\/cepronda.com\/blog\/ii-premios-para-el-reconocimiento-a-centros-publicos-de-andalucia-con-buenas-practicas-docentes-en-bibliotecas-escolares-y-en-el-fomento-de-la-lectura\/","url_meta":{"origin":1175,"position":1},"title":"II Premios para el reconocimiento a centros p\u00fablicos de Andaluc\u00eda con buenas pr\u00e1cticas docentes en Bibliotecas Escolares y en el fomento de la lectura","author":"V\u00edctor Caballero","date":"13 marzo, 2019","format":false,"excerpt":"Muy buenas familia, queremos compartir con todos y todas vosotras la convocatoria de estos premios, ya que sabemos que muchas de las bibliotecas de los centros de nuestra zona est\u00e1n haciendo un gran trabajo, y creemos sinceramente que pod\u00e9is optar a estos premios. Os dejamos con la informaci\u00f3n sobre la\u2026","rel":"","context":"En \u00abNoticias\u00bb","block_context":{"text":"Noticias","link":"https:\/\/cepronda.com\/blog\/category\/noticias\/"},"img":{"alt_text":"","src":"","width":0,"height":0},"classes":[]},{"id":7873,"url":"https:\/\/cepronda.com\/blog\/curso-provincial-a-distancia-atencion-al-alumnado-tdah-estrategias-de-intervencion-en-primaria-codigo-252922ge050\/","url_meta":{"origin":1175,"position":2},"title":"CURSO PROVINCIAL A DISTANCIA: ATENCI\u00d3N AL ALUMNADO TDAH: ESTRATEGIAS DE INTERVENCI\u00d3N EN PRIMARIA. C\u00f3digo: 252922GE050.","author":"Inmaculada Garc\u00eda","date":"28 noviembre, 2024","format":false,"excerpt":"Abierto el plazo de solicitudes para el curso provincial a distancia: ATENCI\u00d3N AL ALUMNADO TDAH: ESTRATEGIAS DE INTERVENCI\u00d3N EN PRIMARIA. C\u00f3digo: 252922GE050. Dirigido preferentemente a profesorado de educaci\u00f3n primaria. \u27a1 Curso a distancia de 40 horas, dirigido preferentemente a profesorado de educaci\u00f3n primaria. \u270f Inscripci\u00f3n: 02\/12\/2024 al 15\/12\/2024. Fecha de\u2026","rel":"","context":"En \u00abFormaciones\u00bb","block_context":{"text":"Formaciones","link":"https:\/\/cepronda.com\/blog\/category\/formaciones\/"},"img":{"alt_text":"","src":"https:\/\/i0.wp.com\/cepronda.com\/blog\/wp-content\/uploads\/2024\/11\/WhatsApp-Image-2024-11-28-at-10.46.36.jpeg?fit=1080%2C1080&ssl=1&resize=350%2C200","width":350,"height":200,"srcset":"https:\/\/i0.wp.com\/cepronda.com\/blog\/wp-content\/uploads\/2024\/11\/WhatsApp-Image-2024-11-28-at-10.46.36.jpeg?fit=1080%2C1080&ssl=1&resize=350%2C200 1x, https:\/\/i0.wp.com\/cepronda.com\/blog\/wp-content\/uploads\/2024\/11\/WhatsApp-Image-2024-11-28-at-10.46.36.jpeg?fit=1080%2C1080&ssl=1&resize=525%2C300 1.5x, https:\/\/i0.wp.com\/cepronda.com\/blog\/wp-content\/uploads\/2024\/11\/WhatsApp-Image-2024-11-28-at-10.46.36.jpeg?fit=1080%2C1080&ssl=1&resize=700%2C400 2x, https:\/\/i0.wp.com\/cepronda.com\/blog\/wp-content\/uploads\/2024\/11\/WhatsApp-Image-2024-11-28-at-10.46.36.jpeg?fit=1080%2C1080&ssl=1&resize=1050%2C600 3x"},"classes":[]},{"id":1557,"url":"https:\/\/cepronda.com\/blog\/iv-edicion-de-los-premios-andaluces-el-audiovisual-en-la-escuela\/","url_meta":{"origin":1175,"position":3},"title":"IV Edici\u00f3n de los Premios Andaluces \u201d El Audiovisual en la Escuela \u201c","author":"V\u00edctor Caballero","date":"15 enero, 2018","format":false,"excerpt":"\u00a1Hola familia! Quer\u00edamos compartir con todos los centros esta informaci\u00f3n que nos llega y creemos que puede ser de vuestro inter\u00e9s. Se trata de la IV edici\u00f3n delos premios \"El audiovisual en la escuela\".\u00a0 El Consejo Audiovisual de Andaluc\u00eda convoca la IV edici\u00f3n de los\u00a0premios andaluces El Audiovisual en la\u2026","rel":"","context":"En \u00abNoticias\u00bb","block_context":{"text":"Noticias","link":"https:\/\/cepronda.com\/blog\/category\/noticias\/"},"img":{"alt_text":"","src":"https:\/\/i0.wp.com\/cepronda.com\/blog\/wp-content\/uploads\/2018\/01\/ave-cartel-4-001.jpg?fit=740%2C1024&ssl=1&resize=350%2C200","width":350,"height":200,"srcset":"https:\/\/i0.wp.com\/cepronda.com\/blog\/wp-content\/uploads\/2018\/01\/ave-cartel-4-001.jpg?fit=740%2C1024&ssl=1&resize=350%2C200 1x, https:\/\/i0.wp.com\/cepronda.com\/blog\/wp-content\/uploads\/2018\/01\/ave-cartel-4-001.jpg?fit=740%2C1024&ssl=1&resize=525%2C300 1.5x, https:\/\/i0.wp.com\/cepronda.com\/blog\/wp-content\/uploads\/2018\/01\/ave-cartel-4-001.jpg?fit=740%2C1024&ssl=1&resize=700%2C400 2x"},"classes":[]},{"id":3275,"url":"https:\/\/cepronda.com\/blog\/estrategias-de-evaluacion-en-frances-lengua-extranjera-primaria-y-secundaria\/","url_meta":{"origin":1175,"position":4},"title":"ESTRATEGIAS DE EVALUACI\u00d3N EN FRANC\u00c9S LENGUA EXTRANJERA (PRIMARIA Y SECUNDARIA)","author":"V\u00edctor Caballero","date":"7 enero, 2020","format":false,"excerpt":"Muy buenas familia, Comenzamos un nuevo a\u00f1o con renovadas energ\u00edas, y nuevos cursos que se ponen en marcha. Para inscribiros ya ten\u00e9is abierto el curso ESTRATEGIAS DE EVALUACI\u00d3N EN FRANC\u00c9S LENGUA EXTRANJERA (PRIMARIA y SECUNDARIA). Para ver los detalles de la actividad e inscribiros s\u00f3lo ten\u00e9is que seguir uno de\u2026","rel":"","context":"En \u00abFormaciones\u00bb","block_context":{"text":"Formaciones","link":"https:\/\/cepronda.com\/blog\/category\/formaciones\/"},"img":{"alt_text":"","src":"https:\/\/i0.wp.com\/cepronda.com\/blog\/wp-content\/uploads\/2020\/01\/20200213-Franc%C3%A9s.-Estrategias-de-evaluaci%C3%B3n..jpg?fit=848%2C1200&ssl=1&resize=350%2C200","width":350,"height":200,"srcset":"https:\/\/i0.wp.com\/cepronda.com\/blog\/wp-content\/uploads\/2020\/01\/20200213-Franc%C3%A9s.-Estrategias-de-evaluaci%C3%B3n..jpg?fit=848%2C1200&ssl=1&resize=350%2C200 1x, https:\/\/i0.wp.com\/cepronda.com\/blog\/wp-content\/uploads\/2020\/01\/20200213-Franc%C3%A9s.-Estrategias-de-evaluaci%C3%B3n..jpg?fit=848%2C1200&ssl=1&resize=525%2C300 1.5x, https:\/\/i0.wp.com\/cepronda.com\/blog\/wp-content\/uploads\/2020\/01\/20200213-Franc%C3%A9s.-Estrategias-de-evaluaci%C3%B3n..jpg?fit=848%2C1200&ssl=1&resize=700%2C400 2x"},"classes":[]},{"id":3441,"url":"https:\/\/cepronda.com\/blog\/matematicas-manipulativas-y-resolucion-de-problemas-en-el-aula-de-educacion-primaria\/","url_meta":{"origin":1175,"position":5},"title":"MATEM\u00c1TICAS  MANIPULATIVAS Y RESOLUCI\u00d3N DE PROBLEMAS EN EL AULA DE EDUCACI\u00d3N PRIMARIA","author":"V\u00edctor Caballero","date":"20 febrero, 2020","format":false,"excerpt":"Buenas familia, Antes de irnos a nuestro merecid\u00edsimo descanso os dejamos con el plazo de isncripci\u00f3n abierto para el curso \" MATEM\u00c1TICAS MANIPULATIVAS Y RESOLUCI\u00d3N DE PROBLEMAS EN EL AULA DE EDUCACI\u00d3N PRIMARIA\". Para ver los detalles, fechas y poder inscribiros s\u00f3lo ten\u00e9is que seguir este enlace.","rel":"","context":"En \u00abFormaciones\u00bb","block_context":{"text":"Formaciones","link":"https:\/\/cepronda.com\/blog\/category\/formaciones\/"},"img":{"alt_text":"","src":"https:\/\/i0.wp.com\/cepronda.com\/blog\/wp-content\/uploads\/2020\/02\/matematicas.png?fit=528%2C747&ssl=1&resize=350%2C200","width":350,"height":200,"srcset":"https:\/\/i0.wp.com\/cepronda.com\/blog\/wp-content\/uploads\/2020\/02\/matematicas.png?fit=528%2C747&ssl=1&resize=350%2C200 1x, https:\/\/i0.wp.com\/cepronda.com\/blog\/wp-content\/uploads\/2020\/02\/matematicas.png?fit=528%2C747&ssl=1&resize=525%2C300 1.5x"},"classes":[]}],"jetpack_sharing_enabled":true,"_links":{"self":[{"href":"https:\/\/cepronda.com\/blog\/wp-json\/wp\/v2\/posts\/1175","targetHints":{"allow":["GET"]}}],"collection":[{"href":"https:\/\/cepronda.com\/blog\/wp-json\/wp\/v2\/posts"}],"about":[{"href":"https:\/\/cepronda.com\/blog\/wp-json\/wp\/v2\/types\/post"}],"author":[{"embeddable":true,"href":"https:\/\/cepronda.com\/blog\/wp-json\/wp\/v2\/users\/3"}],"replies":[{"embeddable":true,"href":"https:\/\/cepronda.com\/blog\/wp-json\/wp\/v2\/comments?post=1175"}],"version-history":[{"count":1,"href":"https:\/\/cepronda.com\/blog\/wp-json\/wp\/v2\/posts\/1175\/revisions"}],"predecessor-version":[{"id":1177,"href":"https:\/\/cepronda.com\/blog\/wp-json\/wp\/v2\/posts\/1175\/revisions\/1177"}],"wp:featuredmedia":[{"embeddable":true,"href":"https:\/\/cepronda.com\/blog\/wp-json\/wp\/v2\/media\/1176"}],"wp:attachment":[{"href":"https:\/\/cepronda.com\/blog\/wp-json\/wp\/v2\/media?parent=1175"}],"wp:term":[{"taxonomy":"category","embeddable":true,"href":"https:\/\/cepronda.com\/blog\/wp-json\/wp\/v2\/categories?post=1175"},{"taxonomy":"post_tag","embeddable":true,"href":"https:\/\/cepronda.com\/blog\/wp-json\/wp\/v2\/tags?post=1175"}],"curies":[{"name":"wp","href":"https:\/\/api.w.org\/{rel}","templated":true}]}}