{"id":117,"date":"2016-09-22T11:42:01","date_gmt":"2016-09-22T09:42:01","guid":{"rendered":"http:\/\/cepronda.com\/blog\/?p=117"},"modified":"2016-09-22T11:42:01","modified_gmt":"2016-09-22T09:42:01","slug":"117-2","status":"publish","type":"post","link":"https:\/\/cepronda.com\/blog\/117-2\/","title":{"rendered":"Nuevo blog"},"content":{"rendered":"<p>Hola bienvenidos y bienvenidas a nuestro nuevo blog del CEP de Ronda.<\/p>\n<p>Desde aqu\u00ed queremos compartir con todo el profesorado de la comarca de Ronda aquellas noticias, enlaces, documentos, materiales,&#8230; que creamos interesantes.<\/p>\n<p>En primer lugar querr\u00edamos compartir las p\u00e1ginas dedicadas a la <a href=\"http:\/\/cepronda.com\/blog\/autoformacion\/\" target=\"_blank\">Autoformaci\u00f3n<\/a>, donde podr\u00e9is encontrar diferentes enlaces que os pueden ayudar a la hora de preparar vuestra <a href=\"http:\/\/cepronda.com\/blog\/autoformacion\/formacion-en-centros\/\" target=\"_blank\">Formaci\u00f3n en Centro<\/a>, los <a href=\"http:\/\/cepronda.com\/blog\/autoformacion\/grupos-de-trabajo\/\" target=\"_blank\">Grupos de Trabajo<\/a>, o bien la inscripci\u00f3n en los <a href=\"http:\/\/cepronda.com\/blog\/autoformacion\/programas-educativos\/\" target=\"_blank\">Planes y Programas<\/a> ofertados por la Junta de Andaluc\u00eda.<\/p>\n<p><a href=\"https:\/\/i0.wp.com\/cepronda.com\/blog\/wp-content\/uploads\/2015\/01\/cropped-cropped-cropped-logocepronda.png\"><img data-recalc-dims=\"1\" loading=\"lazy\" decoding=\"async\" class=\"size-medium wp-image-80 aligncenter\" src=\"https:\/\/i0.wp.com\/cepronda.com\/blog\/wp-content\/uploads\/2015\/01\/cropped-cropped-cropped-logocepronda-300x45.png?resize=300%2C45\" alt=\"cropped-cropped-cropped-logocepronda.png\" width=\"300\" height=\"45\" \/><\/a><\/p>\n<p><span style=\"border-radius: 2px; text-indent: 20px; width: auto; padding: 0px 4px 0px 0px; text-align: center; font: bold 11px\/20px 'Helvetica Neue',Helvetica,sans-serif; color: #ffffff; background: #bd081c no-repeat scroll 3px 50% \/ 14px 14px; position: absolute; opacity: 1; z-index: 8675309; display: none; cursor: pointer;\">Guardar<\/span><\/p>\n<p><span style=\"border-radius: 2px; text-indent: 20px; width: auto; padding: 0px 4px 0px 0px; text-align: center; font: bold 11px\/20px 'Helvetica Neue',Helvetica,sans-serif; color: #ffffff; background: #bd081c no-repeat scroll 3px 50% \/ 14px 14px; position: absolute; opacity: 1; z-index: 8675309; display: none; cursor: pointer;\">Guardar<\/span><\/p>\n<p><span style=\"border-radius: 2px; text-indent: 20px; width: auto; padding: 0px 4px 0px 0px; text-align: center; font: bold 11px\/20px 'Helvetica Neue',Helvetica,sans-serif; color: #ffffff; background: #bd081c no-repeat scroll 3px 50% \/ 14px 14px; position: absolute; opacity: 1; z-index: 8675309; display: none; cursor: pointer;\">Guardar<\/span><\/p>\n<p><span style=\"border-radius: 2px; text-indent: 20px; width: auto; padding: 0px 4px 0px 0px; text-align: center; font: bold 11px\/20px 'Helvetica Neue',Helvetica,sans-serif; color: #ffffff; background: #bd081c no-repeat scroll 3px 50% \/ 14px 14px; position: absolute; opacity: 1; z-index: 8675309; display: none; cursor: pointer;\">Guardar<\/span><\/p>\n<p><span style=\"border-radius: 2px; text-indent: 20px; width: auto; padding: 0px 4px 0px 0px; text-align: center; font: bold 11px\/20px 'Helvetica Neue',Helvetica,sans-serif; color: #ffffff; background: #bd081c no-repeat scroll 3px 50% \/ 14px 14px; position: absolute; opacity: 1; z-index: 8675309; display: none; cursor: pointer;\">Guardar<\/span><\/p>\n<p><span style=\"border-radius: 2px; text-indent: 20px; width: auto; padding: 0px 4px 0px 0px; text-align: center; font: bold 11px\/20px 'Helvetica Neue',Helvetica,sans-serif; color: #ffffff; background: #bd081c  no-repeat scroll 3px 50% \/ 14px 14px; position: absolute; opacity: 1; z-index: 8675309; display: none; cursor: pointer;\">Guardar<\/span><\/p>\n","protected":false},"excerpt":{"rendered":"<p>Hola bienvenidos y bienvenidas a nuestro nuevo blog del CEP de Ronda. Desde aqu\u00ed queremos compartir con todo el profesorado de la comarca de Ronda aquellas noticias, enlaces, documentos, materiales,&#8230; que creamos interesantes. En primer lugar querr\u00edamos compartir las p\u00e1ginas dedicadas a la Autoformaci\u00f3n, donde podr\u00e9is encontrar diferentes enlaces que os pueden ayudar a la [&hellip;]<\/p>\n","protected":false},"author":3,"featured_media":27,"comment_status":"open","ping_status":"open","sticky":false,"template":"","format":"aside","meta":{"_crdt_document":"","advanced_seo_description":"","jetpack_seo_html_title":"","jetpack_seo_noindex":false,"jetpack_post_was_ever_published":false,"_jetpack_newsletter_access":"","_jetpack_dont_email_post_to_subs":false,"_jetpack_newsletter_tier_id":0,"_jetpack_memberships_contains_paywalled_content":false,"_jetpack_memberships_contains_paid_content":false,"footnotes":"","jetpack_publicize_message":"","jetpack_publicize_feature_enabled":true,"jetpack_social_post_already_shared":false,"jetpack_social_options":{"image_generator_settings":{"template":"highway","default_image_id":0,"font":"","enabled":false},"version":2}},"categories":[5],"tags":[],"class_list":{"0":"post-117","1":"post","2":"type-post","3":"status-publish","4":"format-aside","5":"has-post-thumbnail","7":"category-noticias","8":"post_format-post-format-aside","9":"czr-hentry"},"jetpack_publicize_connections":[],"jetpack_featured_media_url":"","jetpack_shortlink":"https:\/\/wp.me\/p8M4X7-1T","jetpack-related-posts":[{"id":4740,"url":"https:\/\/cepronda.com\/blog\/cartel-informativo-con-enlaces-de-interes-del-cep-de-ronda-21-22\/","url_meta":{"origin":117,"position":0},"title":"CARTEL INFORMATIVO CON ENLACES DE INTER\u00c9S DEL CEP DE RONDA 21\/22","author":"V\u00edctor Caballero","date":"11 octubre, 2021","format":false,"excerpt":"Buenas tardes compa\u00f1eras y compa\u00f1eros, Con el presente cartel informativo que hemos repartido en todos los centros de nuestra zona CEP de Ronda, para colocar en las salas del profesorado, pod\u00e9is escanear los c\u00f3digos QR a los distintos enlaces de inter\u00e9s para los docentes. \u00a0 Tambi\u00e9n ten\u00e9is la opci\u00f3n de\u00a0descargarlo\u2026","rel":"","context":"En \u00abFormaciones\u00bb","block_context":{"text":"Formaciones","link":"https:\/\/cepronda.com\/blog\/category\/formaciones\/"},"img":{"alt_text":"","src":"https:\/\/i0.wp.com\/cepronda.com\/blog\/wp-content\/uploads\/2021\/10\/Cartel-bueno.png?resize=350%2C200","width":350,"height":200,"srcset":"https:\/\/i0.wp.com\/cepronda.com\/blog\/wp-content\/uploads\/2021\/10\/Cartel-bueno.png?resize=350%2C200 1x, https:\/\/i0.wp.com\/cepronda.com\/blog\/wp-content\/uploads\/2021\/10\/Cartel-bueno.png?resize=525%2C300 1.5x"},"classes":[]},{"id":1701,"url":"https:\/\/cepronda.com\/blog\/certamen-de-teatro-en-el-aula-ciudad-de-ronda\/","url_meta":{"origin":117,"position":1},"title":"Certamen de Teatro en el aula \u00abCiudad de Ronda\u00bb","author":"V\u00edctor Caballero","date":"19 abril, 2018","format":false,"excerpt":"Hola de nuevo,\u00a0 En esta entrada queremos compartir con todos y todas vosotras que ya se han realizado los tres talleres vinculados al Certamen de teatro en el aula \"Ciudad de Ronda\". Adjuntamos fotos de los mismos, donde han participado 110 alumnas y alumnos en el Convento de Santo Domingo\u2026","rel":"","context":"En \u00abNoticias\u00bb","block_context":{"text":"Noticias","link":"https:\/\/cepronda.com\/blog\/category\/noticias\/"},"img":{"alt_text":"","src":"https:\/\/i0.wp.com\/cepronda.com\/blog\/wp-content\/uploads\/2018\/04\/Foto-de-Helena-Gonzalez-6.jpg?fit=860%2C1200&ssl=1&resize=350%2C200","width":350,"height":200,"srcset":"https:\/\/i0.wp.com\/cepronda.com\/blog\/wp-content\/uploads\/2018\/04\/Foto-de-Helena-Gonzalez-6.jpg?fit=860%2C1200&ssl=1&resize=350%2C200 1x, https:\/\/i0.wp.com\/cepronda.com\/blog\/wp-content\/uploads\/2018\/04\/Foto-de-Helena-Gonzalez-6.jpg?fit=860%2C1200&ssl=1&resize=525%2C300 1.5x, https:\/\/i0.wp.com\/cepronda.com\/blog\/wp-content\/uploads\/2018\/04\/Foto-de-Helena-Gonzalez-6.jpg?fit=860%2C1200&ssl=1&resize=700%2C400 2x"},"classes":[]},{"id":1667,"url":"https:\/\/cepronda.com\/blog\/nuevos-manuales-de-seneca\/","url_meta":{"origin":117,"position":2},"title":"Nuevos manuales de S\u00e9neca","author":"V\u00edctor Caballero","date":"5 abril, 2018","format":false,"excerpt":"Muy buenas de nuevo, Queremos compartir con todas y todos vosotros dos nuevos manuales de S\u00e9neca, destinados a aclarar dudas y conceptos relacionados con la Evaluaci\u00f3n por competencias. Est\u00e1n bastante claros y muy bien explicados para poder seguir correctamente todo el proceso. Uno de los manuales est\u00e1 destinado a los\u2026","rel":"","context":"En \u00abNoticias\u00bb","block_context":{"text":"Noticias","link":"https:\/\/cepronda.com\/blog\/category\/noticias\/"},"img":{"alt_text":"","src":"https:\/\/i0.wp.com\/cepronda.com\/blog\/wp-content\/uploads\/2017\/05\/logo_ja_ce_mejor.jpg?fit=732%2C600&ssl=1&resize=350%2C200","width":350,"height":200,"srcset":"https:\/\/i0.wp.com\/cepronda.com\/blog\/wp-content\/uploads\/2017\/05\/logo_ja_ce_mejor.jpg?fit=732%2C600&ssl=1&resize=350%2C200 1x, https:\/\/i0.wp.com\/cepronda.com\/blog\/wp-content\/uploads\/2017\/05\/logo_ja_ce_mejor.jpg?fit=732%2C600&ssl=1&resize=525%2C300 1.5x, https:\/\/i0.wp.com\/cepronda.com\/blog\/wp-content\/uploads\/2017\/05\/logo_ja_ce_mejor.jpg?fit=732%2C600&ssl=1&resize=700%2C400 2x"},"classes":[]},{"id":1432,"url":"https:\/\/cepronda.com\/blog\/formularios-v-certamen-de-teatro-ciudad-de-ronda\/","url_meta":{"origin":117,"position":3},"title":"FORMULARIOS V CERTAMEN DE TEATRO \u00abCIUDAD DE RONDA\u00bb","author":"V\u00edctor Caballero","date":"30 noviembre, 2017","format":false,"excerpt":"\u00a1\u00a1Saludos teatrales compa\u00f1eros\/as!!: Aqu\u00ed os dejamos los enlaces para participar como grupo teatral en el V CERTAMEN DE TEATRO \"CIUDAD DE RONDA\" as\u00ed como al CURSO DE FORMACI\u00d3N para el profesorado paralelo al certamen. Dicha formaci\u00f3n tiene como t\u00edtulo: INTERPRETACI\u00d3N TEATRAL PARA EL PROFESORADO con una duraci\u00f3n de 12 horas\u2026","rel":"","context":"En \u00abFormaciones\u00bb","block_context":{"text":"Formaciones","link":"https:\/\/cepronda.com\/blog\/category\/formaciones\/"},"img":{"alt_text":"","src":"https:\/\/i0.wp.com\/cepronda.com\/blog\/wp-content\/uploads\/2017\/11\/mask-1636121_960_720-300x199.jpg?resize=350%2C200","width":350,"height":200},"classes":[]},{"id":2632,"url":"https:\/\/cepronda.com\/blog\/ronda-100x100-solidaria\/","url_meta":{"origin":117,"position":4},"title":"Ronda 100&#215;100 solidaria","author":"V\u00edctor Caballero","date":"13 febrero, 2019","format":false,"excerpt":"Muy buenas familia, Queremos compartir con todas y todos vosotros esta actividad solidaria por si es de vuestro inter\u00e9s y quer\u00e9is participar en la misma. Para m\u00e1s informaci\u00f3n en el cartel ten\u00e9is un n\u00famero de tel\u00e9fono de contacto, as\u00ed como la web http:\/\/www.brazadassolidarias.com","rel":"","context":"En \u00abNoticias\u00bb","block_context":{"text":"Noticias","link":"https:\/\/cepronda.com\/blog\/category\/noticias\/"},"img":{"alt_text":"","src":"https:\/\/i0.wp.com\/cepronda.com\/blog\/wp-content\/uploads\/2019\/02\/brazadas-solidarias.jpg?fit=884%2C1200&ssl=1&resize=350%2C200","width":350,"height":200,"srcset":"https:\/\/i0.wp.com\/cepronda.com\/blog\/wp-content\/uploads\/2019\/02\/brazadas-solidarias.jpg?fit=884%2C1200&ssl=1&resize=350%2C200 1x, https:\/\/i0.wp.com\/cepronda.com\/blog\/wp-content\/uploads\/2019\/02\/brazadas-solidarias.jpg?fit=884%2C1200&ssl=1&resize=525%2C300 1.5x, https:\/\/i0.wp.com\/cepronda.com\/blog\/wp-content\/uploads\/2019\/02\/brazadas-solidarias.jpg?fit=884%2C1200&ssl=1&resize=700%2C400 2x"},"classes":[]},{"id":9033,"url":"https:\/\/cepronda.com\/blog\/algo-grande-se-esta-cociendo-en-el-cep-de-ronda\/","url_meta":{"origin":117,"position":5},"title":"\u00a1ALGO GRANDE SE EST\u00c1 COCIENDO EN EL CEP DE RONDA!","author":"Inmaculada Garc\u00eda","date":"13 noviembre, 2025","format":false,"excerpt":"\u00a1Hemos activado la cuenta atr\u00e1s! Nuestro sal\u00f3n de actos est\u00e1 experimentando una transformaci\u00f3n espectacular. Hoy hemos dado un paso crucial con el montaje del nuevo mobiliario, lo que lo convierte en un espacio de aprendizaje innovador, flexible y y dise\u00f1ado para potenciar las metodolog\u00edas m\u00e1s innovadoras. En el CEP de\u2026","rel":"","context":"En \u00abNoticias\u00bb","block_context":{"text":"Noticias","link":"https:\/\/cepronda.com\/blog\/category\/noticias\/"},"img":{"alt_text":"","src":"https:\/\/i0.wp.com\/cepronda.com\/blog\/wp-content\/uploads\/2025\/11\/cep.png?fit=866%2C830&ssl=1&resize=350%2C200","width":350,"height":200,"srcset":"https:\/\/i0.wp.com\/cepronda.com\/blog\/wp-content\/uploads\/2025\/11\/cep.png?fit=866%2C830&ssl=1&resize=350%2C200 1x, https:\/\/i0.wp.com\/cepronda.com\/blog\/wp-content\/uploads\/2025\/11\/cep.png?fit=866%2C830&ssl=1&resize=525%2C300 1.5x, https:\/\/i0.wp.com\/cepronda.com\/blog\/wp-content\/uploads\/2025\/11\/cep.png?fit=866%2C830&ssl=1&resize=700%2C400 2x"},"classes":[]}],"jetpack_sharing_enabled":true,"_links":{"self":[{"href":"https:\/\/cepronda.com\/blog\/wp-json\/wp\/v2\/posts\/117","targetHints":{"allow":["GET"]}}],"collection":[{"href":"https:\/\/cepronda.com\/blog\/wp-json\/wp\/v2\/posts"}],"about":[{"href":"https:\/\/cepronda.com\/blog\/wp-json\/wp\/v2\/types\/post"}],"author":[{"embeddable":true,"href":"https:\/\/cepronda.com\/blog\/wp-json\/wp\/v2\/users\/3"}],"replies":[{"embeddable":true,"href":"https:\/\/cepronda.com\/blog\/wp-json\/wp\/v2\/comments?post=117"}],"version-history":[{"count":0,"href":"https:\/\/cepronda.com\/blog\/wp-json\/wp\/v2\/posts\/117\/revisions"}],"wp:featuredmedia":[{"embeddable":true,"href":"https:\/\/cepronda.com\/blog\/wp-json\/"}],"wp:attachment":[{"href":"https:\/\/cepronda.com\/blog\/wp-json\/wp\/v2\/media?parent=117"}],"wp:term":[{"taxonomy":"category","embeddable":true,"href":"https:\/\/cepronda.com\/blog\/wp-json\/wp\/v2\/categories?post=117"},{"taxonomy":"post_tag","embeddable":true,"href":"https:\/\/cepronda.com\/blog\/wp-json\/wp\/v2\/tags?post=117"}],"curies":[{"name":"wp","href":"https:\/\/api.w.org\/{rel}","templated":true}]}}