{"id":1144,"date":"2017-06-09T08:37:21","date_gmt":"2017-06-09T08:37:21","guid":{"rendered":"http:\/\/cepronda.com\/blog\/?p=1144"},"modified":"2017-06-09T08:37:21","modified_gmt":"2017-06-09T08:37:21","slug":"entrega-de-premio-al-ies-martin-rivero-por-la-fundacion-atresmedia","status":"publish","type":"post","link":"https:\/\/cepronda.com\/blog\/entrega-de-premio-al-ies-martin-rivero-por-la-fundacion-atresmedia\/","title":{"rendered":"Entrega de premio al IES Mart\u00edn Rivero por la fundaci\u00f3n AtresMedia"},"content":{"rendered":"<p>Muy buenas de nuevo,<\/p>\n<p>Como ya comentamos anteriormente desde el IES Mart\u00edn Rivero, y su departamento de I+D+I dirigido por Antonio Marcos Naz, fueron premiados por la Fundaci\u00f3n AtresMedia en la Categor\u00eda de Grandes Iniciativas que cambian el aula. Ayer tarde fu\u00e9 la entrega del premio, y queremos compartir con todos y todas vosotras las im\u00e1genes del acto. Al acto asistieron Antonio MArcos Naz y &nbsp;Mercedes \u00c1vila.&nbsp;<\/p>\n<p>Desde el CEP queremos felicitar a todo el profesorado y alumnado implicado en todo este gran trabajo, que estamos seguros va a seguir dando grandes \u00e9xitos y satisfacciones.&nbsp;<\/p>\n<p>[ngg_images source=\u00bbgalleries\u00bb display_type=\u00bbphotocrati-nextgen_basic_slideshow\u00bb gallery_width=\u00bb600&#8243; gallery_height=\u00bb400&#8243; cycle_effect=\u00bbfade\u00bb cycle_interval=\u00bb5&#8243; show_thumbnail_link=\u00bb1&#8243; thumbnail_link_text=\u00bb[Mostrar miniaturas]\u00bb order_by=\u00bbsortorder\u00bb order_direction=\u00bbASC\u00bb returns=\u00bbincluded\u00bb maximum_entity_count=\u00bb500&#8243;]<\/p>\n","protected":false},"excerpt":{"rendered":"<p>Muy buenas de nuevo, Como ya comentamos anteriormente desde el IES Mart\u00edn Rivero, y su departamento de I+D+I dirigido por Antonio Marcos Naz, fueron premiados por la Fundaci\u00f3n AtresMedia en la Categor\u00eda de Grandes Iniciativas que cambian el aula. Ayer tarde fu\u00e9 la entrega del premio, y queremos compartir con todos y todas vosotras las [&hellip;]<\/p>\n","protected":false},"author":3,"featured_media":1121,"comment_status":"open","ping_status":"open","sticky":false,"template":"","format":"standard","meta":{"_crdt_document":"","advanced_seo_description":"","jetpack_seo_html_title":"","jetpack_seo_noindex":false,"jetpack_post_was_ever_published":false,"_jetpack_newsletter_access":"","_jetpack_dont_email_post_to_subs":false,"_jetpack_newsletter_tier_id":0,"_jetpack_memberships_contains_paywalled_content":false,"_jetpack_memberships_contains_paid_content":false,"footnotes":"","jetpack_publicize_message":"Entrega de premio al IES Mart\u00edn Rivero por la fundaci\u00f3n AtresMedia","jetpack_publicize_feature_enabled":true,"jetpack_social_post_already_shared":true,"jetpack_social_options":{"image_generator_settings":{"template":"highway","default_image_id":0,"font":"","enabled":false},"version":2}},"categories":[5],"tags":[57],"class_list":{"0":"post-1144","1":"post","2":"type-post","3":"status-publish","4":"format-standard","5":"has-post-thumbnail","7":"category-noticias","8":"tag-premios","9":"czr-hentry"},"jetpack_publicize_connections":[],"jetpack_featured_media_url":"https:\/\/i0.wp.com\/cepronda.com\/blog\/wp-content\/uploads\/2017\/06\/WhatsApp-Image-2017-06-09-at-09.58.42.jpeg?fit=1600%2C1200&ssl=1","jetpack_shortlink":"https:\/\/wp.me\/p8M4X7-is","jetpack-related-posts":[{"id":3162,"url":"https:\/\/cepronda.com\/blog\/marcos-naz-recibe-el-iio-premio-antonio-dominguez-ortiz-que-concede-la-junta-de-andalucia\/","url_meta":{"origin":1144,"position":0},"title":"Marcos Naz recibe el II\u00ba Premio \u201cAntonio Dom\u00ednguez Ortiz\u201d que concede la Junta de Andaluc\u00eda","author":"V\u00edctor Caballero","date":"21 noviembre, 2019","format":false,"excerpt":"Compartimos la noticia de este nuevo premio otorgado a un docente del IES Mart\u00edn Rivero. Desde el CEP queremos felicitarle por su labor. Os dejamos con un enlace a la noticia.","rel":"","context":"En \u00abFormaciones\u00bb","block_context":{"text":"Formaciones","link":"https:\/\/cepronda.com\/blog\/category\/formaciones\/"},"img":{"alt_text":"","src":"","width":0,"height":0},"classes":[]},{"id":2186,"url":"https:\/\/cepronda.com\/blog\/uno-de-nuestros-docentes-premiado-con-el-merito-educativo-provincial\/","url_meta":{"origin":1144,"position":1},"title":"Uno de nuestros docentes premiado con el M\u00e9rito Educativo Provincial","author":"V\u00edctor Caballero","date":"22 junio, 2018","format":false,"excerpt":"\u00a1Hola familia! Seguimos con buenas noticias para los centros y el profesorado de nuestra zona. en este caso, se le ha concedido un premio al M\u00e9rito Educativo Provincial a Antonio Marcos Naz Lucena, docente del IES Mart\u00edn Rivero. Desde el CEP queremos felicitarle y darle nuestra enhorabuena por el gran\u2026","rel":"","context":"En \u00abNoticias\u00bb","block_context":{"text":"Noticias","link":"https:\/\/cepronda.com\/blog\/category\/noticias\/"},"img":{"alt_text":"","src":"https:\/\/i0.wp.com\/cepronda.com\/blog\/wp-content\/uploads\/2018\/06\/INVITACION-M%C3%89RITO-EDUCATIVO-1.jpg?fit=1024%2C714&ssl=1&resize=350%2C200","width":350,"height":200,"srcset":"https:\/\/i0.wp.com\/cepronda.com\/blog\/wp-content\/uploads\/2018\/06\/INVITACION-M%C3%89RITO-EDUCATIVO-1.jpg?fit=1024%2C714&ssl=1&resize=350%2C200 1x, https:\/\/i0.wp.com\/cepronda.com\/blog\/wp-content\/uploads\/2018\/06\/INVITACION-M%C3%89RITO-EDUCATIVO-1.jpg?fit=1024%2C714&ssl=1&resize=525%2C300 1.5x, https:\/\/i0.wp.com\/cepronda.com\/blog\/wp-content\/uploads\/2018\/06\/INVITACION-M%C3%89RITO-EDUCATIVO-1.jpg?fit=1024%2C714&ssl=1&resize=700%2C400 2x"},"classes":[]},{"id":826,"url":"https:\/\/cepronda.com\/blog\/premio-al-ies-martin-rivero-de-la-fundacion-atresmedia\/","url_meta":{"origin":1144,"position":2},"title":"Premio al IES Mart\u00edn Rivero de la Fundaci\u00f3n AtresMedia","author":"V\u00edctor Caballero","date":"15 mayo, 2017","format":false,"excerpt":"\u00a1\u00a1\u00a1Muy buenas!!! Abrir el Twitter y encontrarte con noticias como esta no tiene precio... Una de las categor\u00edas era \"Grandes iniciativas que cambian el aula\" y ah\u00ed es donde el departamento I+D+I del Ies MArt\u00edn Rivero ha sido galardonado. \"Esta propuesta del IES Mart\u00edn Rivero de Ronda (M\u00e1laga) est\u00e1 dirigida\u2026","rel":"","context":"En \u00abNoticias\u00bb","block_context":{"text":"Noticias","link":"https:\/\/cepronda.com\/blog\/category\/noticias\/"},"img":{"alt_text":"","src":"https:\/\/i0.wp.com\/cepronda.com\/blog\/wp-content\/uploads\/2017\/05\/Atresmedia.svg-e1495712753768.png?fit=500%2C215&ssl=1&resize=350%2C200","width":350,"height":200},"classes":[]},{"id":6001,"url":"https:\/\/cepronda.com\/blog\/el-ies-gran-capitan-de-cordoba-y-martin-rivero-de-ronda-logran-el-primer-premio-ciccartuja-futuros-investigadores\/","url_meta":{"origin":1144,"position":3},"title":"El IES Gran Capit\u00e1n de C\u00f3rdoba y Mart\u00edn Rivero de Ronda, logran el primer Premio CicCartuja \u201cfuturos investigadores\u201d","author":"Inmaculada Garc\u00eda","date":"17 mayo, 2023","format":false,"excerpt":"Desde el CEP de Ronda queremos dar la enhorabuena al alumnado y al profesorado del I.E.S. MArt\u00edn Rivero (Ronda) por su premio. \u201cDocumentales y Youtube: En busca de ideas para nuevas investigaciones\u201d es el t\u00edtulo del trabajo realizado de manera simult\u00e1nea durante este curso escolar en los IES Gran Capit\u00e1n\u2026","rel":"","context":"En \u00abNoticias\u00bb","block_context":{"text":"Noticias","link":"https:\/\/cepronda.com\/blog\/category\/noticias\/"},"img":{"alt_text":"","src":"https:\/\/i0.wp.com\/cepronda.com\/blog\/wp-content\/uploads\/2023\/05\/Entrega-premio-total.jpg?fit=853%2C841&ssl=1&resize=350%2C200","width":350,"height":200,"srcset":"https:\/\/i0.wp.com\/cepronda.com\/blog\/wp-content\/uploads\/2023\/05\/Entrega-premio-total.jpg?fit=853%2C841&ssl=1&resize=350%2C200 1x, https:\/\/i0.wp.com\/cepronda.com\/blog\/wp-content\/uploads\/2023\/05\/Entrega-premio-total.jpg?fit=853%2C841&ssl=1&resize=525%2C300 1.5x, https:\/\/i0.wp.com\/cepronda.com\/blog\/wp-content\/uploads\/2023\/05\/Entrega-premio-total.jpg?fit=853%2C841&ssl=1&resize=700%2C400 2x"},"classes":[]},{"id":1205,"url":"https:\/\/cepronda.com\/blog\/el-ies-martin-rivero-participa-en-el-certamen-ciencia-en-accion\/","url_meta":{"origin":1144,"position":4},"title":"El IES Mart\u00edn Rivero participa en el Certamen \u00abCiencia en Acci\u00f3n\u00bb","author":"V\u00edctor Caballero","date":"6 septiembre, 2017","format":false,"excerpt":"Un total de seis iniciativas propuestas por centros educativos malague\u00f1os han sido seleccionadas por la Comisi\u00f3n de \u201cCiencia en Acci\u00f3n\u201d para participar en la final de dicho certamen que tendr\u00e1 lugar en la localidad de Ermua el pr\u00f3ximo mes de octubre. En lo que respecta a lo que respecta a\u2026","rel":"","context":"En \u00abNoticias\u00bb","block_context":{"text":"Noticias","link":"https:\/\/cepronda.com\/blog\/category\/noticias\/"},"img":{"alt_text":"","src":"https:\/\/i0.wp.com\/cepronda.com\/blog\/wp-content\/uploads\/2017\/09\/ciencia_en_accion-295x300.jpg?resize=350%2C200","width":350,"height":200},"classes":[]},{"id":5493,"url":"https:\/\/cepronda.com\/blog\/el-ave-fenix-del-incendio-de-sierra-bermeja-ies-martin-rivero-ronda-malaga\/","url_meta":{"origin":1144,"position":5},"title":"El ave F\u00e9nix del incendio de Sierra Bermeja. IES Martin Rivero, Ronda (M\u00e1laga)","author":"Mamen Moreno","date":"21 septiembre, 2022","format":false,"excerpt":"Este proyecto ha sido ganador de RedeSTEAM. Las alumnas de este instituto de la Serran\u00eda de Ronda han ideado un proyecto para recuperar el suelo quemado despu\u00e9s de un incendio forestal como el acaecido en Sierra Bermeja (M\u00e1laga) en septiembre del a\u00f1o pasado. Alumnas: Clara Fern\u00e1ndez, Claudia Garc\u00eda, Alba Guerrero,\u2026","rel":"","context":"En \u00abNoticias\u00bb","block_context":{"text":"Noticias","link":"https:\/\/cepronda.com\/blog\/category\/noticias\/"},"img":{"alt_text":"","src":"https:\/\/i0.wp.com\/cepronda.com\/blog\/wp-content\/uploads\/2022\/09\/FOTO-MARTIN.jpeg?fit=734%2C512&ssl=1&resize=350%2C200","width":350,"height":200,"srcset":"https:\/\/i0.wp.com\/cepronda.com\/blog\/wp-content\/uploads\/2022\/09\/FOTO-MARTIN.jpeg?fit=734%2C512&ssl=1&resize=350%2C200 1x, https:\/\/i0.wp.com\/cepronda.com\/blog\/wp-content\/uploads\/2022\/09\/FOTO-MARTIN.jpeg?fit=734%2C512&ssl=1&resize=525%2C300 1.5x, https:\/\/i0.wp.com\/cepronda.com\/blog\/wp-content\/uploads\/2022\/09\/FOTO-MARTIN.jpeg?fit=734%2C512&ssl=1&resize=700%2C400 2x"},"classes":[]}],"jetpack_sharing_enabled":true,"_links":{"self":[{"href":"https:\/\/cepronda.com\/blog\/wp-json\/wp\/v2\/posts\/1144","targetHints":{"allow":["GET"]}}],"collection":[{"href":"https:\/\/cepronda.com\/blog\/wp-json\/wp\/v2\/posts"}],"about":[{"href":"https:\/\/cepronda.com\/blog\/wp-json\/wp\/v2\/types\/post"}],"author":[{"embeddable":true,"href":"https:\/\/cepronda.com\/blog\/wp-json\/wp\/v2\/users\/3"}],"replies":[{"embeddable":true,"href":"https:\/\/cepronda.com\/blog\/wp-json\/wp\/v2\/comments?post=1144"}],"version-history":[{"count":2,"href":"https:\/\/cepronda.com\/blog\/wp-json\/wp\/v2\/posts\/1144\/revisions"}],"predecessor-version":[{"id":1158,"href":"https:\/\/cepronda.com\/blog\/wp-json\/wp\/v2\/posts\/1144\/revisions\/1158"}],"wp:featuredmedia":[{"embeddable":true,"href":"https:\/\/cepronda.com\/blog\/wp-json\/wp\/v2\/media\/1121"}],"wp:attachment":[{"href":"https:\/\/cepronda.com\/blog\/wp-json\/wp\/v2\/media?parent=1144"}],"wp:term":[{"taxonomy":"category","embeddable":true,"href":"https:\/\/cepronda.com\/blog\/wp-json\/wp\/v2\/categories?post=1144"},{"taxonomy":"post_tag","embeddable":true,"href":"https:\/\/cepronda.com\/blog\/wp-json\/wp\/v2\/tags?post=1144"}],"curies":[{"name":"wp","href":"https:\/\/api.w.org\/{rel}","templated":true}]}}