{"id":1107,"date":"2017-06-01T08:37:02","date_gmt":"2017-06-01T08:37:02","guid":{"rendered":"http:\/\/cepronda.com\/blog\/?p=1107"},"modified":"2017-06-01T08:37:02","modified_gmt":"2017-06-01T08:37:02","slug":"nuevo-ciclo-formativo-en-el-ies-martin-rivero","status":"publish","type":"post","link":"https:\/\/cepronda.com\/blog\/nuevo-ciclo-formativo-en-el-ies-martin-rivero\/","title":{"rendered":"Nuevo ciclo formativo en el IES Mart\u00edn Rivero"},"content":{"rendered":"<p>Muy buenas,<\/p>\n<p>En este final de curso seguimos informando sobre los nuevos ciclo de grado medio que se est\u00e1n creando en centros de nuestra zona. En este caso nos referimos a un ciclo formativo de grado medio, denominado \u00abT\u00c9CNICO EN OBRAS DE INTERIOR, DECORACI\u00d3N Y REHABILITACI\u00d3N\u00bb, con 2.000 horas de formaci\u00f3n distribuidas en dos cursos, y que permitir\u00e1n al alumnado obtener su t\u00edtulo y adem\u00e1s poder acceder posteriormente a otros ciclos de grado medio y\/o superior.<\/p>\n<p>Para tener m\u00e1s informaci\u00f3n sobre este ciclo pod\u00e9is hacer clic en la imagen, o bien pasaros por el instituto.<\/p>\n<p><a href=\"https:\/\/drive.google.com\/file\/d\/0B3r1-XbVYiEkM2pISG9UbGhNZE0\/view?usp=sharing\" target=\"_blank\" rel=\"noopener noreferrer\"><img data-recalc-dims=\"1\" loading=\"lazy\" decoding=\"async\" class=\"aligncenter wp-image-1108 size-medium\" src=\"https:\/\/i0.wp.com\/cepronda.com\/blog\/wp-content\/uploads\/2017\/06\/ciclo_formativo_martin-142x300.png?resize=142%2C300\" alt=\"\" width=\"142\" height=\"300\" srcset=\"https:\/\/i0.wp.com\/cepronda.com\/blog\/wp-content\/uploads\/2017\/06\/ciclo_formativo_martin.png?resize=142%2C300&amp;ssl=1 142w, https:\/\/i0.wp.com\/cepronda.com\/blog\/wp-content\/uploads\/2017\/06\/ciclo_formativo_martin.png?w=355&amp;ssl=1 355w\" sizes=\"auto, (max-width: 142px) 100vw, 142px\" \/><\/a><\/p>\n","protected":false},"excerpt":{"rendered":"<p>Muy buenas, En este final de curso seguimos informando sobre los nuevos ciclo de grado medio que se est\u00e1n creando en centros de nuestra zona. En este caso nos referimos a un ciclo formativo de grado medio, denominado \u00abT\u00c9CNICO EN OBRAS DE INTERIOR, DECORACI\u00d3N Y REHABILITACI\u00d3N\u00bb, con 2.000 horas de formaci\u00f3n distribuidas en dos cursos, [&hellip;]<\/p>\n","protected":false},"author":3,"featured_media":1108,"comment_status":"open","ping_status":"open","sticky":false,"template":"","format":"standard","meta":{"_crdt_document":"","advanced_seo_description":"","jetpack_seo_html_title":"","jetpack_seo_noindex":false,"jetpack_post_was_ever_published":false,"_jetpack_newsletter_access":"","_jetpack_dont_email_post_to_subs":false,"_jetpack_newsletter_tier_id":0,"_jetpack_memberships_contains_paywalled_content":false,"_jetpack_memberships_contains_paid_content":false,"footnotes":"","jetpack_publicize_message":"Nuevo ciclo formativo en el IES Mart\u00edn Rivero \"T\u00e9cnico en obras de interior, decoraci\u00f3n y rehabilitaci\u00f3n\"","jetpack_publicize_feature_enabled":true,"jetpack_social_post_already_shared":true,"jetpack_social_options":{"image_generator_settings":{"template":"highway","default_image_id":0,"font":"","enabled":false},"version":2}},"categories":[5],"tags":[71],"class_list":{"0":"post-1107","1":"post","2":"type-post","3":"status-publish","4":"format-standard","5":"has-post-thumbnail","7":"category-noticias","8":"tag-formacion-profesional","9":"czr-hentry"},"jetpack_publicize_connections":[],"jetpack_featured_media_url":"https:\/\/i0.wp.com\/cepronda.com\/blog\/wp-content\/uploads\/2017\/06\/ciclo_formativo_martin.png?fit=355%2C749&ssl=1","jetpack_shortlink":"https:\/\/wp.me\/p8M4X7-hR","jetpack-related-posts":[{"id":5378,"url":"https:\/\/cepronda.com\/blog\/fp-agraria-ies-andres-perez-serrano\/","url_meta":{"origin":1107,"position":0},"title":"FP AGRARIA  IES ANDR\u00c9S P\u00c9REZ SERRANO","author":"Maribel Mu\u00f1oz","date":"27 junio, 2022","format":false,"excerpt":"Buenas tardes compa\u00f1eras y compa\u00f1eros, Os recordamos que desde el IES Andr\u00e9s P\u00e9rez Serrano se ofertan, para el pr\u00f3ximo curso, los siguientes ciclos formativos: *CICLO FORMATIVO DE GRADO MEDIO EN APROVECHAMIENTO Y CONSERVACI\u00d3N DEL MEDIO NATURAL *FP DUAL DUAL EN APROVECHAMIENTO Y CONSERVACI\u00d3N DEL MEDIO NATURAL *CICLO FORMATIVO DE GRADO\u2026","rel":"","context":"En \u00abFormaciones\u00bb","block_context":{"text":"Formaciones","link":"https:\/\/cepronda.com\/blog\/category\/formaciones\/"},"img":{"alt_text":"","src":"https:\/\/i0.wp.com\/cepronda.com\/blog\/wp-content\/uploads\/2020\/03\/S%C2%B0mbolo-gen%C3%87rico-RRSS-redondo-negativo.png?fit=1200%2C1200&ssl=1&resize=350%2C200","width":350,"height":200,"srcset":"https:\/\/i0.wp.com\/cepronda.com\/blog\/wp-content\/uploads\/2020\/03\/S%C2%B0mbolo-gen%C3%87rico-RRSS-redondo-negativo.png?fit=1200%2C1200&ssl=1&resize=350%2C200 1x, https:\/\/i0.wp.com\/cepronda.com\/blog\/wp-content\/uploads\/2020\/03\/S%C2%B0mbolo-gen%C3%87rico-RRSS-redondo-negativo.png?fit=1200%2C1200&ssl=1&resize=525%2C300 1.5x, https:\/\/i0.wp.com\/cepronda.com\/blog\/wp-content\/uploads\/2020\/03\/S%C2%B0mbolo-gen%C3%87rico-RRSS-redondo-negativo.png?fit=1200%2C1200&ssl=1&resize=700%2C400 2x, https:\/\/i0.wp.com\/cepronda.com\/blog\/wp-content\/uploads\/2020\/03\/S%C2%B0mbolo-gen%C3%87rico-RRSS-redondo-negativo.png?fit=1200%2C1200&ssl=1&resize=1050%2C600 3x"},"classes":[]},{"id":5848,"url":"https:\/\/cepronda.com\/blog\/ciclo-formativo-fp-tecnico-en-produccion-agroecologica\/","url_meta":{"origin":1107,"position":1},"title":"CICLO FORMATIVO FP \u00abT\u00c9CNICO EN PRODUCCI\u00d3N AGROECOL\u00d3GICA\u00bb","author":"Mamen Moreno","date":"20 marzo, 2023","format":false,"excerpt":"Conoce uno de nuestros\u00a0 Ciclo Formativos de FP\u00a0 \"T\u00e9cnico en Producci\u00f3n Agroecol\u00f3gica\",\u00a0 en el\u00a0 IES \"Andr\u00e9s P\u00e9rez Serrano\" de Cortes de la Frontera.\u00a0 Si quieres conocer lo que se imparte en este Ciclo Formativo de grado medio pincha en el siguiente enlace: https:\/\/drive.google.com\/file\/d\/1nO0T1SMuFKg0m5Zrc_k2Oo7ILI_cnVhR\/view?usp=drivesdk","rel":"","context":"En \u00abNoticias\u00bb","block_context":{"text":"Noticias","link":"https:\/\/cepronda.com\/blog\/category\/noticias\/"},"img":{"alt_text":"","src":"https:\/\/i0.wp.com\/cepronda.com\/blog\/wp-content\/uploads\/2023\/03\/CURSO-1.jpg?fit=1080%2C1080&ssl=1&resize=350%2C200","width":350,"height":200,"srcset":"https:\/\/i0.wp.com\/cepronda.com\/blog\/wp-content\/uploads\/2023\/03\/CURSO-1.jpg?fit=1080%2C1080&ssl=1&resize=350%2C200 1x, https:\/\/i0.wp.com\/cepronda.com\/blog\/wp-content\/uploads\/2023\/03\/CURSO-1.jpg?fit=1080%2C1080&ssl=1&resize=525%2C300 1.5x, https:\/\/i0.wp.com\/cepronda.com\/blog\/wp-content\/uploads\/2023\/03\/CURSO-1.jpg?fit=1080%2C1080&ssl=1&resize=700%2C400 2x, https:\/\/i0.wp.com\/cepronda.com\/blog\/wp-content\/uploads\/2023\/03\/CURSO-1.jpg?fit=1080%2C1080&ssl=1&resize=1050%2C600 3x"},"classes":[]},{"id":1091,"url":"https:\/\/cepronda.com\/blog\/nuevo-ciclo-formativo-de-grado-medio-en-el-ies-de-cortes\/","url_meta":{"origin":1107,"position":2},"title":"Nuevo ciclo formativo de grado medio en el IES de Cortes","author":"V\u00edctor Caballero","date":"29 mayo, 2017","format":false,"excerpt":"\u00a1Muy buenas! Comenzamos la semana con una buena noticia para nuestra zona, y es que se ampl\u00eda la oferta formativa de ciclos formativos de grado medio con uno muy caracter\u00edstico y propio de nuestra zona, el denominado \"T\u00e9cnico en producci\u00f3n agroecol\u00f3gica\". La informaci\u00f3n nos llega desde el IES Andr\u00e9s P\u00e9rez\u2026","rel":"","context":"En \u00abNoticias\u00bb","block_context":{"text":"Noticias","link":"https:\/\/cepronda.com\/blog\/category\/noticias\/"},"img":{"alt_text":"","src":"https:\/\/i0.wp.com\/cepronda.com\/blog\/wp-content\/uploads\/2017\/05\/video_agricultura_ecol%C3%B3gica.png?fit=934%2C665&ssl=1&resize=350%2C200","width":350,"height":200,"srcset":"https:\/\/i0.wp.com\/cepronda.com\/blog\/wp-content\/uploads\/2017\/05\/video_agricultura_ecol%C3%B3gica.png?fit=934%2C665&ssl=1&resize=350%2C200 1x, https:\/\/i0.wp.com\/cepronda.com\/blog\/wp-content\/uploads\/2017\/05\/video_agricultura_ecol%C3%B3gica.png?fit=934%2C665&ssl=1&resize=525%2C300 1.5x, https:\/\/i0.wp.com\/cepronda.com\/blog\/wp-content\/uploads\/2017\/05\/video_agricultura_ecol%C3%B3gica.png?fit=934%2C665&ssl=1&resize=700%2C400 2x"},"classes":[]},{"id":3599,"url":"https:\/\/cepronda.com\/blog\/cfgm-de-tecnico-en-produccion-agroecologica-familia-agraria-en-el-ies-andres-perez-serrano\/","url_meta":{"origin":1107,"position":3},"title":"CFGM de T\u00e9cnico en Producci\u00f3n Agroecol\u00f3gica, Familia Agraria, en el IES Andr\u00e9s P\u00e9rez Serrano","author":"V\u00edctor Caballero","date":"1 junio, 2020","format":false,"excerpt":"Muy buenas de nuevo familia, Al igual que en a\u00f1os anteriores ayudamos en la difusi\u00f3n del Ciclo Formativo de Grado Medio de T\u00e9cnico en producci\u00f3n agroecol\u00f3gica. Nos han mandado un v\u00eddeo de Youtube, as\u00ed como un tr\u00edptico, lo que compartimos con todas aquellas personas interesadas. Un fuerte abrazo y cuidaros\u2026","rel":"","context":"En \u00abNoticias\u00bb","block_context":{"text":"Noticias","link":"https:\/\/cepronda.com\/blog\/category\/noticias\/"},"img":{"alt_text":"","src":"https:\/\/i0.wp.com\/cepronda.com\/blog\/wp-content\/uploads\/2017\/05\/video_agricultura_ecol%C3%B3gica.png?fit=934%2C665&ssl=1&resize=350%2C200","width":350,"height":200,"srcset":"https:\/\/i0.wp.com\/cepronda.com\/blog\/wp-content\/uploads\/2017\/05\/video_agricultura_ecol%C3%B3gica.png?fit=934%2C665&ssl=1&resize=350%2C200 1x, https:\/\/i0.wp.com\/cepronda.com\/blog\/wp-content\/uploads\/2017\/05\/video_agricultura_ecol%C3%B3gica.png?fit=934%2C665&ssl=1&resize=525%2C300 1.5x, https:\/\/i0.wp.com\/cepronda.com\/blog\/wp-content\/uploads\/2017\/05\/video_agricultura_ecol%C3%B3gica.png?fit=934%2C665&ssl=1&resize=700%2C400 2x"},"classes":[]},{"id":2064,"url":"https:\/\/cepronda.com\/blog\/aplazada-la-rueda-de-prensa-de-presentacion-del-ciclo-formativo-produccion-agroecologica\/","url_meta":{"origin":1107,"position":4},"title":"Aplazada la rueda de prensa de presentaci\u00f3n del ciclo formativo \u00abProducci\u00f3n agroecol\u00f3gica\u00bb","author":"V\u00edctor Caballero","date":"4 junio, 2018","format":false,"excerpt":"Muy buenas,\u00a0 La semana pasada os inform\u00e1bamos de la presentaci\u00f3n del ciclo formativo de \"Producci\u00f3n agroecol\u00f3gica\" del IES Andr\u00e9s P\u00e9rez Serrano que iba a tener el lugar el mi\u00e9rcoles a las 11'30.\u00a0 Pues bien, debido a diversos problemas \u00e9sta queda aplazada. Os informar\u00edamos de la nueva fecha en el caso\u2026","rel":"","context":"En \u00abNoticias\u00bb","block_context":{"text":"Noticias","link":"https:\/\/cepronda.com\/blog\/category\/noticias\/"},"img":{"alt_text":"","src":"https:\/\/i0.wp.com\/cepronda.com\/blog\/wp-content\/uploads\/2017\/05\/video_agricultura_ecol%C3%B3gica.png?fit=934%2C665&ssl=1&resize=350%2C200","width":350,"height":200,"srcset":"https:\/\/i0.wp.com\/cepronda.com\/blog\/wp-content\/uploads\/2017\/05\/video_agricultura_ecol%C3%B3gica.png?fit=934%2C665&ssl=1&resize=350%2C200 1x, https:\/\/i0.wp.com\/cepronda.com\/blog\/wp-content\/uploads\/2017\/05\/video_agricultura_ecol%C3%B3gica.png?fit=934%2C665&ssl=1&resize=525%2C300 1.5x, https:\/\/i0.wp.com\/cepronda.com\/blog\/wp-content\/uploads\/2017\/05\/video_agricultura_ecol%C3%B3gica.png?fit=934%2C665&ssl=1&resize=700%2C400 2x"},"classes":[]},{"id":1970,"url":"https:\/\/cepronda.com\/blog\/presentacion-del-ciclo-formativo-produccion-agroecologica-del-ies-andres-perez-serrano\/","url_meta":{"origin":1107,"position":5},"title":"Presentaci\u00f3n del ciclo formativo \u00abProducci\u00f3n agroecol\u00f3gica\u00bb del IES Andr\u00e9s P\u00e9rez Serrano","author":"V\u00edctor Caballero","date":"28 mayo, 2018","format":false,"excerpt":"\u00a1Hola! El pr\u00f3ximo 6 de junio a las 11\u00b430 de la ma\u00f1ana en nuestro Sal\u00f3n de Actos tendr\u00e1 lugar la presentaci\u00f3n del ciclo formativo de \"Producci\u00f3n agroecol\u00f3gica\" que ofrece desde el curso pasado el IES Andr\u00e9s P\u00e9rez Serrano de Cortes de la Frontera, y a la que queremos invitar a\u2026","rel":"","context":"En \u00abNoticias\u00bb","block_context":{"text":"Noticias","link":"https:\/\/cepronda.com\/blog\/category\/noticias\/"},"img":{"alt_text":"","src":"https:\/\/i0.wp.com\/cepronda.com\/blog\/wp-content\/uploads\/2017\/05\/video_agricultura_ecol%C3%B3gica.png?fit=934%2C665&ssl=1&resize=350%2C200","width":350,"height":200,"srcset":"https:\/\/i0.wp.com\/cepronda.com\/blog\/wp-content\/uploads\/2017\/05\/video_agricultura_ecol%C3%B3gica.png?fit=934%2C665&ssl=1&resize=350%2C200 1x, https:\/\/i0.wp.com\/cepronda.com\/blog\/wp-content\/uploads\/2017\/05\/video_agricultura_ecol%C3%B3gica.png?fit=934%2C665&ssl=1&resize=525%2C300 1.5x, https:\/\/i0.wp.com\/cepronda.com\/blog\/wp-content\/uploads\/2017\/05\/video_agricultura_ecol%C3%B3gica.png?fit=934%2C665&ssl=1&resize=700%2C400 2x"},"classes":[]}],"jetpack_sharing_enabled":true,"_links":{"self":[{"href":"https:\/\/cepronda.com\/blog\/wp-json\/wp\/v2\/posts\/1107","targetHints":{"allow":["GET"]}}],"collection":[{"href":"https:\/\/cepronda.com\/blog\/wp-json\/wp\/v2\/posts"}],"about":[{"href":"https:\/\/cepronda.com\/blog\/wp-json\/wp\/v2\/types\/post"}],"author":[{"embeddable":true,"href":"https:\/\/cepronda.com\/blog\/wp-json\/wp\/v2\/users\/3"}],"replies":[{"embeddable":true,"href":"https:\/\/cepronda.com\/blog\/wp-json\/wp\/v2\/comments?post=1107"}],"version-history":[{"count":1,"href":"https:\/\/cepronda.com\/blog\/wp-json\/wp\/v2\/posts\/1107\/revisions"}],"predecessor-version":[{"id":1109,"href":"https:\/\/cepronda.com\/blog\/wp-json\/wp\/v2\/posts\/1107\/revisions\/1109"}],"wp:featuredmedia":[{"embeddable":true,"href":"https:\/\/cepronda.com\/blog\/wp-json\/wp\/v2\/media\/1108"}],"wp:attachment":[{"href":"https:\/\/cepronda.com\/blog\/wp-json\/wp\/v2\/media?parent=1107"}],"wp:term":[{"taxonomy":"category","embeddable":true,"href":"https:\/\/cepronda.com\/blog\/wp-json\/wp\/v2\/categories?post=1107"},{"taxonomy":"post_tag","embeddable":true,"href":"https:\/\/cepronda.com\/blog\/wp-json\/wp\/v2\/tags?post=1107"}],"curies":[{"name":"wp","href":"https:\/\/api.w.org\/{rel}","templated":true}]}}