{"id":1,"date":"2016-05-10T03:48:21","date_gmt":"2016-05-10T03:48:21","guid":{"rendered":"http:\/\/wp452m.a10-52-158-154.qa.plesk.ru\/wordpress\/?p=1"},"modified":"2025-04-28T12:09:12","modified_gmt":"2025-04-28T10:09:12","slug":"hello-world","status":"publish","type":"post","link":"https:\/\/cepronda.com\/blog\/hello-world\/","title":{"rendered":"Hello world!"},"content":{"rendered":"<p>Welcome to WordPress. This is your first post. Edit or delete it, then start writing!<\/p>\n","protected":false},"excerpt":{"rendered":"<p>Welcome to WordPress. This is your first post. Edit or delete it, then start writing!<\/p>\n","protected":false},"author":3,"featured_media":0,"comment_status":"open","ping_status":"open","sticky":false,"template":"","format":"standard","meta":{"_crdt_document":"","advanced_seo_description":"","jetpack_seo_html_title":"","jetpack_seo_noindex":false,"jetpack_post_was_ever_published":false,"_jetpack_newsletter_access":"","_jetpack_dont_email_post_to_subs":false,"_jetpack_newsletter_tier_id":0,"_jetpack_memberships_contains_paywalled_content":false,"_jetpack_memberships_contains_paid_content":false,"footnotes":"","jetpack_publicize_message":"","jetpack_publicize_feature_enabled":true,"jetpack_social_post_already_shared":false,"jetpack_social_options":{"image_generator_settings":{"template":"highway","default_image_id":0,"font":"","enabled":false},"version":2}},"categories":[5],"tags":[],"class_list":{"0":"post-1","1":"post","2":"type-post","3":"status-publish","4":"format-standard","6":"category-noticias","7":"czr-hentry"},"jetpack_publicize_connections":[],"jetpack_featured_media_url":"","jetpack_shortlink":"https:\/\/wp.me\/p8M4X7-1","jetpack-related-posts":[{"id":9123,"url":"https:\/\/cepronda.com\/blog\/experiencia-de-exito-ronda-around-the-world\/","url_meta":{"origin":1,"position":0},"title":"EXPERIENCIA DE \u00c9XITO: \u00abRONDA AROUND THE WORLD\u00bb.","author":"Inmaculada Garc\u00eda","date":"10 diciembre, 2025","format":false,"excerpt":"\u00bfTe imaginas a los alumnos de Primaria de Ronda viajando por el mundo y creando su propia obra musical biling\u00fce? Presentamos la incre\u00edble experiencia educativa: \"RONDA AROUND THE WORLD\" del C.E.I.P. Juan Carrillo. \ud83c\udf1f Este proyecto es mucho m\u00e1s que teatro: es #Pluriling\u00fcismo, #EscrituraCreativa, #TrabajoCooperativo y una celebraci\u00f3n de la\u2026","rel":"","context":"En \u00abNoticias\u00bb","block_context":{"text":"Noticias","link":"https:\/\/cepronda.com\/blog\/category\/noticias\/"},"img":{"alt_text":"","src":"https:\/\/i0.wp.com\/cepronda.com\/blog\/wp-content\/uploads\/2025\/12\/EXPERIENCIA-DE-EXITO.jpg?fit=960%2C1200&ssl=1&resize=350%2C200","width":350,"height":200,"srcset":"https:\/\/i0.wp.com\/cepronda.com\/blog\/wp-content\/uploads\/2025\/12\/EXPERIENCIA-DE-EXITO.jpg?fit=960%2C1200&ssl=1&resize=350%2C200 1x, https:\/\/i0.wp.com\/cepronda.com\/blog\/wp-content\/uploads\/2025\/12\/EXPERIENCIA-DE-EXITO.jpg?fit=960%2C1200&ssl=1&resize=525%2C300 1.5x, https:\/\/i0.wp.com\/cepronda.com\/blog\/wp-content\/uploads\/2025\/12\/EXPERIENCIA-DE-EXITO.jpg?fit=960%2C1200&ssl=1&resize=700%2C400 2x"},"classes":[]},{"id":3605,"url":"https:\/\/cepronda.com\/blog\/nuevo-canal-de-youtube-del-servicio-de-ordenacion-educativa-malaga\/","url_meta":{"origin":1,"position":1},"title":"Nuevo canal de Youtube del  Servicio de Ordenaci\u00f3n Educativa M\u00e1laga","author":"V\u00edctor Caballero","date":"2 junio, 2020","format":false,"excerpt":"https:\/\/www.youtube.com\/watch?v=Tn4aRe4zDXU","rel":"","context":"En \u00abNoticias\u00bb","block_context":{"text":"Noticias","link":"https:\/\/cepronda.com\/blog\/category\/noticias\/"},"img":{"alt_text":"","src":"https:\/\/i0.wp.com\/img.youtube.com\/vi\/Tn4aRe4zDXU\/0.jpg?resize=350%2C200","width":350,"height":200},"classes":[]},{"id":1417,"url":"https:\/\/cepronda.com\/blog\/noticias-erasmus\/","url_meta":{"origin":1,"position":2},"title":"NOTICIAS ERASMUS +","author":"V\u00edctor Caballero","date":"10 noviembre, 2017","format":false,"excerpt":"Buenas tardes! Seguimos con noticias sobre Erasmus +. Ya est\u00e1 abierto el plazo de solicitudes para las JORNADAS DE DIFUSI\u00d3N ERASMUS+\u00a0que tendr\u00e1n lugar en el CEP de RONDA la tarde del 22 de Noviembre en horario de 16:30\u00a0 a 20:30 A todas las personas interesadas en informarse de c\u00f3mo salir\u2026","rel":"","context":"En \u00abNoticias\u00bb","block_context":{"text":"Noticias","link":"https:\/\/cepronda.com\/blog\/category\/noticias\/"},"img":{"alt_text":"","src":"https:\/\/i0.wp.com\/cepronda.com\/blog\/wp-content\/uploads\/2017\/11\/EU-flag-Erasmus-300x86.jpg?resize=350%2C200","width":350,"height":200},"classes":[]},{"id":3057,"url":"https:\/\/cepronda.com\/blog\/premiados-en-el-ies-martin-rivero\/","url_meta":{"origin":1,"position":3},"title":"Premiados en el IES Mart\u00edn Rivero","author":"V\u00edctor Caballero","date":"27 septiembre, 2019","format":false,"excerpt":"Muy buenas, nos llegan dos magn\u00edficas noticias de premiados en el IES Mart\u00edn Rivero en distintos premios y cert\u00e1menes. Os dejamos con los enlaces a las noticias, y desde el CEP damos la enhorabuena al alumnado premiado. Fad y BBVA fallan los proyectos educativos ganadores del Premio a la Acci\u00f3n\u2026","rel":"","context":"En \u00abNoticias\u00bb","block_context":{"text":"Noticias","link":"https:\/\/cepronda.com\/blog\/category\/noticias\/"},"img":{"alt_text":"","src":"","width":0,"height":0},"classes":[]},{"id":3257,"url":"https:\/\/cepronda.com\/blog\/felices-fiestas-3\/","url_meta":{"origin":1,"position":4},"title":"Felices fiestas","author":"V\u00edctor Caballero","date":"16 diciembre, 2019","format":false,"excerpt":"Desde el CEP de Ronda queremos desearos unas felices fiestas, donde pod\u00e1is descansar y pasar el mayor tiempo posible con las vuestros seres queridos. Nos vemos en el a\u00f1o 2020.","rel":"","context":"En \u00abNoticias\u00bb","block_context":{"text":"Noticias","link":"https:\/\/cepronda.com\/blog\/category\/noticias\/"},"img":{"alt_text":"","src":"https:\/\/i0.wp.com\/cepronda.com\/blog\/wp-content\/uploads\/2019\/12\/felicitaci%C3%B3n-navidad.jpeg?fit=1200%2C852&ssl=1&resize=350%2C200","width":350,"height":200,"srcset":"https:\/\/i0.wp.com\/cepronda.com\/blog\/wp-content\/uploads\/2019\/12\/felicitaci%C3%B3n-navidad.jpeg?fit=1200%2C852&ssl=1&resize=350%2C200 1x, https:\/\/i0.wp.com\/cepronda.com\/blog\/wp-content\/uploads\/2019\/12\/felicitaci%C3%B3n-navidad.jpeg?fit=1200%2C852&ssl=1&resize=525%2C300 1.5x, https:\/\/i0.wp.com\/cepronda.com\/blog\/wp-content\/uploads\/2019\/12\/felicitaci%C3%B3n-navidad.jpeg?fit=1200%2C852&ssl=1&resize=700%2C400 2x, https:\/\/i0.wp.com\/cepronda.com\/blog\/wp-content\/uploads\/2019\/12\/felicitaci%C3%B3n-navidad.jpeg?fit=1200%2C852&ssl=1&resize=1050%2C600 3x"},"classes":[]},{"id":3489,"url":"https:\/\/cepronda.com\/blog\/informacion-sobre-la-delegacion-provincial-de-educacion-de-malaga\/","url_meta":{"origin":1,"position":5},"title":"Informaci\u00f3n sobre la delegaci\u00f3n provincial de Educaci\u00f3n de M\u00e1laga","author":"V\u00edctor Caballero","date":"19 marzo, 2020","format":false,"excerpt":"Hola de nuevo familia, Os dejamos con informaci\u00f3n sobre la Delegaci\u00f3n Provincial de Educaci\u00f3n, informaci\u00f3n que pod\u00e9is consultar en las siguientes im\u00e1genes.","rel":"","context":"En \u00abNoticias\u00bb","block_context":{"text":"Noticias","link":"https:\/\/cepronda.com\/blog\/category\/noticias\/"},"img":{"alt_text":"","src":"https:\/\/i0.wp.com\/cepronda.com\/blog\/wp-content\/uploads\/2020\/03\/WhatsApp-Image-2020-03-18-at-19.44.42-2.jpeg?fit=480%2C1200&ssl=1&resize=350%2C200","width":350,"height":200},"classes":[]}],"jetpack_sharing_enabled":true,"_links":{"self":[{"href":"https:\/\/cepronda.com\/blog\/wp-json\/wp\/v2\/posts\/1","targetHints":{"allow":["GET"]}}],"collection":[{"href":"https:\/\/cepronda.com\/blog\/wp-json\/wp\/v2\/posts"}],"about":[{"href":"https:\/\/cepronda.com\/blog\/wp-json\/wp\/v2\/types\/post"}],"author":[{"embeddable":true,"href":"https:\/\/cepronda.com\/blog\/wp-json\/wp\/v2\/users\/3"}],"replies":[{"embeddable":true,"href":"https:\/\/cepronda.com\/blog\/wp-json\/wp\/v2\/comments?post=1"}],"version-history":[{"count":1,"href":"https:\/\/cepronda.com\/blog\/wp-json\/wp\/v2\/posts\/1\/revisions"}],"predecessor-version":[{"id":8542,"href":"https:\/\/cepronda.com\/blog\/wp-json\/wp\/v2\/posts\/1\/revisions\/8542"}],"wp:attachment":[{"href":"https:\/\/cepronda.com\/blog\/wp-json\/wp\/v2\/media?parent=1"}],"wp:term":[{"taxonomy":"category","embeddable":true,"href":"https:\/\/cepronda.com\/blog\/wp-json\/wp\/v2\/categories?post=1"},{"taxonomy":"post_tag","embeddable":true,"href":"https:\/\/cepronda.com\/blog\/wp-json\/wp\/v2\/tags?post=1"}],"curies":[{"name":"wp","href":"https:\/\/api.w.org\/{rel}","templated":true}]}}